{"id":963,"date":"2021-12-10T22:04:34","date_gmt":"2021-12-10T21:04:34","guid":{"rendered":"https:\/\/www.laverda-lcf.fr\/?p=963"},"modified":"2021-12-10T22:08:41","modified_gmt":"2021-12-10T21:08:41","slug":"adhesion-2022","status":"publish","type":"post","link":"https:\/\/www.laverda-lcf.fr\/index.php\/2021\/12\/10\/adhesion-2022\/","title":{"rendered":"Adh\u00e9sion 2022"},"content":{"rendered":"\n<p class=\"has-medium-font-size\">Amoureux des belles de Br\u00e9ganze, si vous souhaitez continuer l&rsquo;aventure avec le LCF cliquez sur le lien suivant pour adh\u00e9rer au club en 2022.<\/p>\n\n\n\n<div class=\"wp-block-file\"><a href=\"https:\/\/www.laverda-lcf.fr\/wp-content\/uploads\/2021\/12\/adhesion-2022.doc\">adh\u00e9sion 2022<\/a><a href=\"https:\/\/www.laverda-lcf.fr\/wp-content\/uploads\/2021\/12\/adhesion-2022.doc\" class=\"wp-block-file__button\" download>T\u00e9l\u00e9charger<\/a><\/div>\n\n\n\n<p><\/p>\n\n\n\n<p class=\"has-medium-font-size\">A bient\u00f4t &#8230; Pakale<\/p>\n\n\n\n<p><\/p>\n","protected":false},"excerpt":{"rendered":"<p>Amoureux des belles de Br\u00e9ganze, si vous souhaitez continuer l&rsquo;aventure avec le LCF cliquez sur le lien suivant pour adh\u00e9rer au club en 2022. A bient\u00f4t &#8230; Pakale<\/p>\n","protected":false},"author":2,"featured_media":0,"comment_status":"closed","ping_status":"","sticky":false,"template":"","format":"standard","meta":{"footnotes":""},"categories":[1],"tags":[],"class_list":["post-963","post","type-post","status-publish","format-standard","hentry","category-non-classe"],"_links":{"self":[{"href":"https:\/\/www.laverda-lcf.fr\/index.php\/wp-json\/wp\/v2\/posts\/963","targetHints":{"allow":["GET"]}}],"collection":[{"href":"https:\/\/www.laverda-lcf.fr\/index.php\/wp-json\/wp\/v2\/posts"}],"about":[{"href":"https:\/\/www.laverda-lcf.fr\/index.php\/wp-json\/wp\/v2\/types\/post"}],"author":[{"embeddable":true,"href":"https:\/\/www.laverda-lcf.fr\/index.php\/wp-json\/wp\/v2\/users\/2"}],"replies":[{"embeddable":true,"href":"https:\/\/www.laverda-lcf.fr\/index.php\/wp-json\/wp\/v2\/comments?post=963"}],"version-history":[{"count":4,"href":"https:\/\/www.laverda-lcf.fr\/index.php\/wp-json\/wp\/v2\/posts\/963\/revisions"}],"predecessor-version":[{"id":968,"href":"https:\/\/www.laverda-lcf.fr\/index.php\/wp-json\/wp\/v2\/posts\/963\/revisions\/968"}],"wp:attachment":[{"href":"https:\/\/www.laverda-lcf.fr\/index.php\/wp-json\/wp\/v2\/media?parent=963"}],"wp:term":[{"taxonomy":"category","embeddable":true,"href":"https:\/\/www.laverda-lcf.fr\/index.php\/wp-json\/wp\/v2\/categories?post=963"},{"taxonomy":"post_tag","embeddable":true,"href":"https:\/\/www.laverda-lcf.fr\/index.php\/wp-json\/wp\/v2\/tags?post=963"}],"curies":[{"name":"wp","href":"https:\/\/api.w.org\/{rel}","templated":true}]}}