{"id":926,"date":"2021-11-13T16:49:25","date_gmt":"2021-11-13T15:49:25","guid":{"rendered":"https:\/\/www.laverda-lcf.fr\/?p=926"},"modified":"2021-12-04T19:18:45","modified_gmt":"2021-12-04T18:18:45","slug":"benelli-days-2021-2","status":"publish","type":"post","link":"https:\/\/www.laverda-lcf.fr\/index.php\/2021\/11\/13\/benelli-days-2021-2\/","title":{"rendered":"Benelli Days 2021"},"content":{"rendered":"\n<p class=\"has-medium-font-size\">Journ\u00e9e de roulage aux <strong>Benelli Days<\/strong> les 12 et 13 Juin 2021.<\/p>\n\n\n\n<p class=\"has-medium-font-size\">Rendez vous le vendredi apr\u00e8s midi au camping du Lac de Panthier pr\u00e8s de Pouilly en Auxois (21).<\/p>\n\n\n\n<p class=\"has-medium-font-size\">Nous prenons nos quartier dans un petit chalet avec Philippe qui nous a rejoint.<\/p>\n\n\n\n<p class=\"has-medium-font-size\">Bonne soir\u00e9e au bar\/restaurant du camping avec les Benellistes qui sont arriv\u00e9s.<\/p>\n\n\n\n<p class=\"has-medium-font-size\">Le lendemain a 8 heures tapante, d\u00e9part pour le petit circuit de l&rsquo;Auxois a Meilly sur Rouvres en pleine campagne.<\/p>\n\n\n\n<p class=\"has-medium-font-size\">La journ\u00e9e sera consacr\u00e9e aux s\u00e9ries de roulage sous le soleil.<\/p>\n\n\n\n<p class=\"has-medium-font-size\">A noter la pr\u00e9sence de nombreux membres du LCF venus en visiteurs, vraiment super.<\/p>\n\n\n\n<p class=\"has-medium-font-size\">Le soir, retour au camping, ap\u00e9ro LCF avant celui du Benelli suivi d&rsquo;un banquet \u00ab\u00a0Gaulois\u00a0\u00bb.<\/p>\n\n\n\n<p class=\"has-medium-font-size\">Remerciement au Benelli club de nous avoir invit\u00e9s et de sa belle organisation.<\/p>\n\n\n\n<p class=\"has-medium-font-size\">Ambiance bon enfant ou il est possible de rouler avec sa moto de route en toute s\u00e9curit\u00e9 avec un minimum d&rsquo;\u00e9quipement.<\/p>\n\n\n\n<p class=\"has-medium-font-size\">Le rendez vous est pris pour l&rsquo;ann\u00e9e prochaine, les 12 et 13 Juin.<\/p>\n\n\n\n<p class=\"has-text-align-right has-large-font-size\">Denis Cahier<\/p>\n\n\n\n<figure class=\"wp-block-image size-full\"><img loading=\"lazy\" decoding=\"async\" width=\"800\" height=\"450\" src=\"https:\/\/www.laverda-lcf.fr\/wp-content\/uploads\/2021\/11\/Benelli-days-2021-08.jpg\" alt=\"\" class=\"wp-image-925\" srcset=\"https:\/\/www.laverda-lcf.fr\/wp-content\/uploads\/2021\/11\/Benelli-days-2021-08.jpg 800w, https:\/\/www.laverda-lcf.fr\/wp-content\/uploads\/2021\/11\/Benelli-days-2021-08-300x169.jpg 300w, https:\/\/www.laverda-lcf.fr\/wp-content\/uploads\/2021\/11\/Benelli-days-2021-08-768x432.jpg 768w\" sizes=\"auto, (max-width: 800px) 100vw, 800px\" \/><figcaption>Pr\u00e9paration avant la bagarre<\/figcaption><\/figure>\n\n\n\n<figure class=\"wp-block-image size-large\"><img loading=\"lazy\" decoding=\"async\" width=\"1024\" height=\"683\" src=\"https:\/\/www.laverda-lcf.fr\/wp-content\/uploads\/2021\/11\/Benelli-days-2021-06-1024x683.jpg\" alt=\"\" class=\"wp-image-923\" srcset=\"https:\/\/www.laverda-lcf.fr\/wp-content\/uploads\/2021\/11\/Benelli-days-2021-06-1024x683.jpg 1024w, https:\/\/www.laverda-lcf.fr\/wp-content\/uploads\/2021\/11\/Benelli-days-2021-06-300x200.jpg 300w, https:\/\/www.laverda-lcf.fr\/wp-content\/uploads\/2021\/11\/Benelli-days-2021-06-768x512.jpg 768w\" sizes=\"auto, (max-width: 1024px) 100vw, 1024px\" \/><figcaption>Coursifi\u00e9e ou pas 2 \u00ab\u00a0SEI\u00a0\u00bb<\/figcaption><\/figure>\n\n\n\n<figure class=\"wp-block-image size-large\"><img loading=\"lazy\" decoding=\"async\" width=\"1024\" height=\"694\" src=\"https:\/\/www.laverda-lcf.fr\/wp-content\/uploads\/2021\/11\/Benelli-days-2021-04-1024x694.jpg\" alt=\"\" class=\"wp-image-921\" srcset=\"https:\/\/www.laverda-lcf.fr\/wp-content\/uploads\/2021\/11\/Benelli-days-2021-04-1024x694.jpg 1024w, https:\/\/www.laverda-lcf.fr\/wp-content\/uploads\/2021\/11\/Benelli-days-2021-04-300x203.jpg 300w, https:\/\/www.laverda-lcf.fr\/wp-content\/uploads\/2021\/11\/Benelli-days-2021-04-768x521.jpg 768w, https:\/\/www.laverda-lcf.fr\/wp-content\/uploads\/2021\/11\/Benelli-days-2021-04-1536x1042.jpg 1536w, https:\/\/www.laverda-lcf.fr\/wp-content\/uploads\/2021\/11\/Benelli-days-2021-04-2048x1389.jpg 2048w\" sizes=\"auto, (max-width: 1024px) 100vw, 1024px\" \/><figcaption>Arsouille en moderne<\/figcaption><\/figure>\n\n\n\n<figure class=\"wp-block-image size-large\"><img loading=\"lazy\" decoding=\"async\" width=\"1024\" height=\"683\" src=\"https:\/\/www.laverda-lcf.fr\/wp-content\/uploads\/2021\/11\/Benelli-days-2021-02-1024x683.jpg\" alt=\"\" class=\"wp-image-919\" srcset=\"https:\/\/www.laverda-lcf.fr\/wp-content\/uploads\/2021\/11\/Benelli-days-2021-02-1024x683.jpg 1024w, https:\/\/www.laverda-lcf.fr\/wp-content\/uploads\/2021\/11\/Benelli-days-2021-02-300x200.jpg 300w, https:\/\/www.laverda-lcf.fr\/wp-content\/uploads\/2021\/11\/Benelli-days-2021-02-768x512.jpg 768w\" sizes=\"auto, (max-width: 1024px) 100vw, 1024px\" \/><figcaption>Belle 500<\/figcaption><\/figure>\n\n\n\n<figure class=\"wp-block-image size-full\"><img loading=\"lazy\" decoding=\"async\" width=\"800\" height=\"533\" src=\"https:\/\/www.laverda-lcf.fr\/wp-content\/uploads\/2021\/11\/Benelli-days-2021-07.jpg\" alt=\"\" class=\"wp-image-924\" srcset=\"https:\/\/www.laverda-lcf.fr\/wp-content\/uploads\/2021\/11\/Benelli-days-2021-07.jpg 800w, https:\/\/www.laverda-lcf.fr\/wp-content\/uploads\/2021\/11\/Benelli-days-2021-07-300x200.jpg 300w, https:\/\/www.laverda-lcf.fr\/wp-content\/uploads\/2021\/11\/Benelli-days-2021-07-768x512.jpg 768w\" sizes=\"auto, (max-width: 800px) 100vw, 800px\" \/><figcaption>Parade de la fin de journ\u00e9e<\/figcaption><\/figure>\n\n\n\n<figure class=\"wp-block-image size-full\"><img loading=\"lazy\" decoding=\"async\" width=\"800\" height=\"450\" src=\"https:\/\/www.laverda-lcf.fr\/wp-content\/uploads\/2021\/11\/Benelli-days-2021-03.jpg\" alt=\"\" class=\"wp-image-920\" srcset=\"https:\/\/www.laverda-lcf.fr\/wp-content\/uploads\/2021\/11\/Benelli-days-2021-03.jpg 800w, https:\/\/www.laverda-lcf.fr\/wp-content\/uploads\/2021\/11\/Benelli-days-2021-03-300x169.jpg 300w, https:\/\/www.laverda-lcf.fr\/wp-content\/uploads\/2021\/11\/Benelli-days-2021-03-768x432.jpg 768w\" sizes=\"auto, (max-width: 800px) 100vw, 800px\" \/><figcaption>Ap\u00e9ro au chalet LCF<\/figcaption><\/figure>\n\n\n\n<div class=\"wp-block-image\"><figure class=\"aligncenter size-full\"><img loading=\"lazy\" decoding=\"async\" width=\"450\" height=\"800\" src=\"https:\/\/www.laverda-lcf.fr\/wp-content\/uploads\/2021\/11\/Benelli-days-2021-05.jpg\" alt=\"\" class=\"wp-image-922\" srcset=\"https:\/\/www.laverda-lcf.fr\/wp-content\/uploads\/2021\/11\/Benelli-days-2021-05.jpg 450w, https:\/\/www.laverda-lcf.fr\/wp-content\/uploads\/2021\/11\/Benelli-days-2021-05-169x300.jpg 169w\" sizes=\"auto, (max-width: 450px) 100vw, 450px\" \/><figcaption>Jos\u00e9 en plein travail<\/figcaption><\/figure><\/div>\n","protected":false},"excerpt":{"rendered":"<p>Journ\u00e9e de roulage aux Benelli Days les 12 et 13 Juin 2021. Rendez vous le vendredi apr\u00e8s midi au camping du Lac de Panthier pr\u00e8s de Pouilly en Auxois (21). Nous prenons nos quartier dans un petit chalet avec Philippe qui nous a rejoint. Bonne soir\u00e9e au bar\/restaurant du camping avec les Benellistes qui sont &hellip; <a href=\"https:\/\/www.laverda-lcf.fr\/index.php\/2021\/11\/13\/benelli-days-2021-2\/\" class=\"more-link\">Continuer la lecture de <span class=\"screen-reader-text\">Benelli Days 2021<\/span> <span class=\"meta-nav\">&rarr;<\/span><\/a><\/p>\n","protected":false},"author":3,"featured_media":0,"comment_status":"closed","ping_status":"","sticky":false,"template":"","format":"standard","meta":{"footnotes":""},"categories":[23],"tags":[],"class_list":["post-926","post","type-post","status-publish","format-standard","hentry","category-souvenirs"],"_links":{"self":[{"href":"https:\/\/www.laverda-lcf.fr\/index.php\/wp-json\/wp\/v2\/posts\/926","targetHints":{"allow":["GET"]}}],"collection":[{"href":"https:\/\/www.laverda-lcf.fr\/index.php\/wp-json\/wp\/v2\/posts"}],"about":[{"href":"https:\/\/www.laverda-lcf.fr\/index.php\/wp-json\/wp\/v2\/types\/post"}],"author":[{"embeddable":true,"href":"https:\/\/www.laverda-lcf.fr\/index.php\/wp-json\/wp\/v2\/users\/3"}],"replies":[{"embeddable":true,"href":"https:\/\/www.laverda-lcf.fr\/index.php\/wp-json\/wp\/v2\/comments?post=926"}],"version-history":[{"count":2,"href":"https:\/\/www.laverda-lcf.fr\/index.php\/wp-json\/wp\/v2\/posts\/926\/revisions"}],"predecessor-version":[{"id":939,"href":"https:\/\/www.laverda-lcf.fr\/index.php\/wp-json\/wp\/v2\/posts\/926\/revisions\/939"}],"wp:attachment":[{"href":"https:\/\/www.laverda-lcf.fr\/index.php\/wp-json\/wp\/v2\/media?parent=926"}],"wp:term":[{"taxonomy":"category","embeddable":true,"href":"https:\/\/www.laverda-lcf.fr\/index.php\/wp-json\/wp\/v2\/categories?post=926"},{"taxonomy":"post_tag","embeddable":true,"href":"https:\/\/www.laverda-lcf.fr\/index.php\/wp-json\/wp\/v2\/tags?post=926"}],"curies":[{"name":"wp","href":"https:\/\/api.w.org\/{rel}","templated":true}]}}