{"id":863,"date":"2021-10-03T15:47:43","date_gmt":"2021-10-03T13:47:43","guid":{"rendered":"https:\/\/www.laverda-lcf.fr\/?p=863"},"modified":"2021-10-03T16:03:30","modified_gmt":"2021-10-03T14:03:30","slug":"20-ans-du-trofeo-rosso","status":"publish","type":"post","link":"https:\/\/www.laverda-lcf.fr\/index.php\/2021\/10\/03\/20-ans-du-trofeo-rosso\/","title":{"rendered":"20 ans du Trofeo Rosso"},"content":{"rendered":"\n<p class=\"has-medium-font-size\">Circuit du Vigeant (86) les 15, 16, 17 et 18 Juillet.<\/p>\n\n\n\n<p class=\"has-medium-font-size\">Superbe anniversaire pour les 20 ans de l&rsquo;association \u00ab\u00a0Les Journ\u00e9es Italiennes\u00a0\u00bb, dont, pour rappel, le LCF fait partie des clubs fondateurs.<\/p>\n\n\n\n<p class=\"has-medium-font-size\">Le jeudi a \u00e9t\u00e9 consacr\u00e9 \u00e0 une journ\u00e9e de formation au pilotage sur piste avec d&rsquo;excellents moniteurs.<\/p>\n\n\n\n<p class=\"has-medium-font-size\">Que du plaisir, quel que soit le niveau de chacun, tous les inscrits ont unanimement appr\u00e9ci\u00e9.<\/p>\n\n\n\n<p class=\"has-medium-font-size\">Le reste du week-end, les roulages et autres activit\u00e9s se sont succ\u00e9d\u00e9s pour le plaisir de tous, dont groupes de musique, paella, ap\u00e9ro g\u00e9ant et tombola.<\/p>\n\n\n\n<p class=\"has-medium-font-size\">Cette ann\u00e9e les clubs avaient des box individuels fournis par l&rsquo;organisation. Il est \u00e0 noter que les 3 assos Laverda (Amicale 750, Laverdamania et LCF) \u00e9taient regroup\u00e9es, ce qui donna l&rsquo;occasion de faire un ap\u00e9ro commun.<\/p>\n\n\n\n<p class=\"has-medium-font-size\">Tr\u00e8s beau week-end en conclusion, avec une bonne participation des membres et une boutique qui a explos\u00e9 les compteurs.<\/p>\n\n\n\n<p class=\"has-medium-font-size\">Denis<\/p>\n\n\n\n<figure class=\"wp-block-image size-large\"><img loading=\"lazy\" decoding=\"async\" width=\"800\" height=\"600\" src=\"https:\/\/www.laverda-lcf.fr\/wp-content\/uploads\/2021\/10\/TR-2021-07.jpg\" alt=\"\" class=\"wp-image-861\" srcset=\"https:\/\/www.laverda-lcf.fr\/wp-content\/uploads\/2021\/10\/TR-2021-07.jpg 800w, https:\/\/www.laverda-lcf.fr\/wp-content\/uploads\/2021\/10\/TR-2021-07-300x225.jpg 300w, https:\/\/www.laverda-lcf.fr\/wp-content\/uploads\/2021\/10\/TR-2021-07-768x576.jpg 768w\" sizes=\"auto, (max-width: 800px) 100vw, 800px\" \/><\/figure>\n\n\n\n<figure class=\"wp-block-image size-large is-resized\"><img loading=\"lazy\" decoding=\"async\" src=\"https:\/\/www.laverda-lcf.fr\/wp-content\/uploads\/2021\/10\/TR-2021-08.jpg\" alt=\"\" class=\"wp-image-862\" width=\"639\" height=\"359\" srcset=\"https:\/\/www.laverda-lcf.fr\/wp-content\/uploads\/2021\/10\/TR-2021-08.jpg 800w, https:\/\/www.laverda-lcf.fr\/wp-content\/uploads\/2021\/10\/TR-2021-08-300x169.jpg 300w, https:\/\/www.laverda-lcf.fr\/wp-content\/uploads\/2021\/10\/TR-2021-08-768x432.jpg 768w\" sizes=\"auto, (max-width: 639px) 100vw, 639px\" \/><figcaption><strong>Carburant sp\u00e9cial Laverda<\/strong><\/figcaption><\/figure>\n\n\n\n<figure class=\"wp-block-image size-large\"><img loading=\"lazy\" decoding=\"async\" width=\"800\" height=\"600\" src=\"https:\/\/www.laverda-lcf.fr\/wp-content\/uploads\/2021\/10\/TR-2021-05.jpg\" alt=\"\" class=\"wp-image-860\" srcset=\"https:\/\/www.laverda-lcf.fr\/wp-content\/uploads\/2021\/10\/TR-2021-05.jpg 800w, https:\/\/www.laverda-lcf.fr\/wp-content\/uploads\/2021\/10\/TR-2021-05-300x225.jpg 300w, https:\/\/www.laverda-lcf.fr\/wp-content\/uploads\/2021\/10\/TR-2021-05-768x576.jpg 768w\" sizes=\"auto, (max-width: 800px) 100vw, 800px\" \/><figcaption><strong>Ap\u00e9ro des trois Asso.<\/strong>.<\/figcaption><\/figure>\n\n\n\n<figure class=\"wp-block-image size-large is-resized\"><img loading=\"lazy\" decoding=\"async\" src=\"https:\/\/www.laverda-lcf.fr\/wp-content\/uploads\/2021\/10\/TR-2021-04.jpg\" alt=\"\" class=\"wp-image-859\" width=\"634\" height=\"475\" srcset=\"https:\/\/www.laverda-lcf.fr\/wp-content\/uploads\/2021\/10\/TR-2021-04.jpg 800w, https:\/\/www.laverda-lcf.fr\/wp-content\/uploads\/2021\/10\/TR-2021-04-300x225.jpg 300w, https:\/\/www.laverda-lcf.fr\/wp-content\/uploads\/2021\/10\/TR-2021-04-768x576.jpg 768w\" sizes=\"auto, (max-width: 634px) 100vw, 634px\" \/><figcaption><strong>Bel alignement devant les box<\/strong><\/figcaption><\/figure>\n\n\n\n<figure class=\"wp-block-image size-large\"><img loading=\"lazy\" decoding=\"async\" width=\"800\" height=\"600\" src=\"https:\/\/www.laverda-lcf.fr\/wp-content\/uploads\/2021\/10\/TR-2021-03.jpg\" alt=\"\" class=\"wp-image-858\" srcset=\"https:\/\/www.laverda-lcf.fr\/wp-content\/uploads\/2021\/10\/TR-2021-03.jpg 800w, https:\/\/www.laverda-lcf.fr\/wp-content\/uploads\/2021\/10\/TR-2021-03-300x225.jpg 300w, https:\/\/www.laverda-lcf.fr\/wp-content\/uploads\/2021\/10\/TR-2021-03-768x576.jpg 768w\" sizes=\"auto, (max-width: 800px) 100vw, 800px\" \/><figcaption><strong>Les box Laverda<\/strong><\/figcaption><\/figure>\n\n\n\n<div class=\"wp-block-image\"><figure class=\"aligncenter size-full\"><img loading=\"lazy\" decoding=\"async\" width=\"450\" height=\"800\" src=\"https:\/\/www.laverda-lcf.fr\/wp-content\/uploads\/2021\/10\/TR-2021-06.jpg\" alt=\"\" class=\"wp-image-854\" srcset=\"https:\/\/www.laverda-lcf.fr\/wp-content\/uploads\/2021\/10\/TR-2021-06.jpg 450w, https:\/\/www.laverda-lcf.fr\/wp-content\/uploads\/2021\/10\/TR-2021-06-169x300.jpg 169w\" sizes=\"auto, (max-width: 450px) 100vw, 450px\" \/><figcaption><strong>Philippe ouvre les huitres<\/strong><\/figcaption><\/figure><\/div>\n\n\n\n<figure class=\"wp-block-image size-large is-resized\"><img loading=\"lazy\" decoding=\"async\" src=\"https:\/\/www.laverda-lcf.fr\/wp-content\/uploads\/2021\/10\/TR-2021-02.jpg\" alt=\"\" class=\"wp-image-857\" width=\"634\" height=\"475\" srcset=\"https:\/\/www.laverda-lcf.fr\/wp-content\/uploads\/2021\/10\/TR-2021-02.jpg 800w, https:\/\/www.laverda-lcf.fr\/wp-content\/uploads\/2021\/10\/TR-2021-02-300x225.jpg 300w, https:\/\/www.laverda-lcf.fr\/wp-content\/uploads\/2021\/10\/TR-2021-02-768x576.jpg 768w\" sizes=\"auto, (max-width: 634px) 100vw, 634px\" \/><figcaption><strong>Le box LCF<\/strong><\/figcaption><\/figure>\n\n\n\n<figure class=\"wp-block-image size-large\"><img loading=\"lazy\" decoding=\"async\" width=\"800\" height=\"450\" src=\"https:\/\/www.laverda-lcf.fr\/wp-content\/uploads\/2021\/10\/TR-2021-01.jpg\" alt=\"\" class=\"wp-image-856\" srcset=\"https:\/\/www.laverda-lcf.fr\/wp-content\/uploads\/2021\/10\/TR-2021-01.jpg 800w, https:\/\/www.laverda-lcf.fr\/wp-content\/uploads\/2021\/10\/TR-2021-01-300x169.jpg 300w, https:\/\/www.laverda-lcf.fr\/wp-content\/uploads\/2021\/10\/TR-2021-01-768x432.jpg 768w\" sizes=\"auto, (max-width: 800px) 100vw, 800px\" \/><figcaption><strong>Ravitaillement<\/strong><\/figcaption><\/figure>\n\n\n\n<p><\/p>\n","protected":false},"excerpt":{"rendered":"<p>Circuit du Vigeant (86) les 15, 16, 17 et 18 Juillet. Superbe anniversaire pour les 20 ans de l&rsquo;association \u00ab\u00a0Les Journ\u00e9es Italiennes\u00a0\u00bb, dont, pour rappel, le LCF fait partie des clubs fondateurs. Le jeudi a \u00e9t\u00e9 consacr\u00e9 \u00e0 une journ\u00e9e de formation au pilotage sur piste avec d&rsquo;excellents moniteurs. Que du plaisir, quel que soit &hellip; <a href=\"https:\/\/www.laverda-lcf.fr\/index.php\/2021\/10\/03\/20-ans-du-trofeo-rosso\/\" class=\"more-link\">Continuer la lecture de <span class=\"screen-reader-text\">20 ans du Trofeo Rosso<\/span> <span class=\"meta-nav\">&rarr;<\/span><\/a><\/p>\n","protected":false},"author":3,"featured_media":0,"comment_status":"closed","ping_status":"","sticky":false,"template":"","format":"standard","meta":{"footnotes":""},"categories":[21,23],"tags":[],"class_list":["post-863","post","type-post","status-publish","format-standard","hentry","category-evenements","category-souvenirs"],"_links":{"self":[{"href":"https:\/\/www.laverda-lcf.fr\/index.php\/wp-json\/wp\/v2\/posts\/863","targetHints":{"allow":["GET"]}}],"collection":[{"href":"https:\/\/www.laverda-lcf.fr\/index.php\/wp-json\/wp\/v2\/posts"}],"about":[{"href":"https:\/\/www.laverda-lcf.fr\/index.php\/wp-json\/wp\/v2\/types\/post"}],"author":[{"embeddable":true,"href":"https:\/\/www.laverda-lcf.fr\/index.php\/wp-json\/wp\/v2\/users\/3"}],"replies":[{"embeddable":true,"href":"https:\/\/www.laverda-lcf.fr\/index.php\/wp-json\/wp\/v2\/comments?post=863"}],"version-history":[{"count":3,"href":"https:\/\/www.laverda-lcf.fr\/index.php\/wp-json\/wp\/v2\/posts\/863\/revisions"}],"predecessor-version":[{"id":871,"href":"https:\/\/www.laverda-lcf.fr\/index.php\/wp-json\/wp\/v2\/posts\/863\/revisions\/871"}],"wp:attachment":[{"href":"https:\/\/www.laverda-lcf.fr\/index.php\/wp-json\/wp\/v2\/media?parent=863"}],"wp:term":[{"taxonomy":"category","embeddable":true,"href":"https:\/\/www.laverda-lcf.fr\/index.php\/wp-json\/wp\/v2\/categories?post=863"},{"taxonomy":"post_tag","embeddable":true,"href":"https:\/\/www.laverda-lcf.fr\/index.php\/wp-json\/wp\/v2\/tags?post=863"}],"curies":[{"name":"wp","href":"https:\/\/api.w.org\/{rel}","templated":true}]}}