{"id":544,"date":"2021-03-03T21:02:00","date_gmt":"2021-03-03T20:02:00","guid":{"rendered":"https:\/\/www.laverda-lcf.fr\/?p=544"},"modified":"2022-01-19T18:41:31","modified_gmt":"2022-01-19T17:41:31","slug":"trofeo-rosso-2021","status":"publish","type":"post","link":"https:\/\/www.laverda-lcf.fr\/index.php\/2021\/03\/03\/trofeo-rosso-2021\/","title":{"rendered":"Trofeo Rosso 2021"},"content":{"rendered":"\n<p class=\"has-medium-font-size\">La 20\u00e8me \u00e9dition du Trofeo Rosso se d\u00e9roulera du 15 au 18 juillet sur le circuit du Val de Vienne au Vigeant (86).<\/p>\n\n\n\n<p class=\"has-medium-font-size\">Au programme stage de pilotage le 15\/07 et s\u00e9ance de roulage les 16,17 et 18\/07.<\/p>\n\n\n\n<p class=\"has-medium-font-size\">Renseignement et inscription sur<a rel=\"noreferrer noopener\" href=\"http:\/\/www.trofeorosso.org\" target=\"_blank\"> <strong>www.trofeorosso.org<\/strong><\/a><\/p>\n\n\n\n<p class=\"has-medium-font-size\">Ne trainez pas pour vous inscrire car \u00e7a se bouscule au portillon.<\/p>\n\n\n\n<p class=\"has-medium-font-size\">Le LCF sera bien entendu pr\u00e9sent.<\/p>\n\n\n\n<figure class=\"wp-block-image size-large\"><img loading=\"lazy\" decoding=\"async\" width=\"800\" height=\"983\" src=\"https:\/\/www.laverda-lcf.fr\/wp-content\/uploads\/2021\/03\/TR-2021.jpg\" alt=\"\" class=\"wp-image-543\" srcset=\"https:\/\/www.laverda-lcf.fr\/wp-content\/uploads\/2021\/03\/TR-2021.jpg 800w, https:\/\/www.laverda-lcf.fr\/wp-content\/uploads\/2021\/03\/TR-2021-244x300.jpg 244w, https:\/\/www.laverda-lcf.fr\/wp-content\/uploads\/2021\/03\/TR-2021-768x944.jpg 768w\" sizes=\"auto, (max-width: 800px) 100vw, 800px\" \/><\/figure>\n","protected":false},"excerpt":{"rendered":"<p>La 20\u00e8me \u00e9dition du Trofeo Rosso se d\u00e9roulera du 15 au 18 juillet sur le circuit du Val de Vienne au Vigeant (86). Au programme stage de pilotage le 15\/07 et s\u00e9ance de roulage les 16,17 et 18\/07. Renseignement et inscription sur www.trofeorosso.org Ne trainez pas pour vous inscrire car \u00e7a se bouscule au portillon. &hellip; <a href=\"https:\/\/www.laverda-lcf.fr\/index.php\/2021\/03\/03\/trofeo-rosso-2021\/\" class=\"more-link\">Continuer la lecture de <span class=\"screen-reader-text\">Trofeo Rosso 2021<\/span> <span class=\"meta-nav\">&rarr;<\/span><\/a><\/p>\n","protected":false},"author":2,"featured_media":0,"comment_status":"closed","ping_status":"closed","sticky":false,"template":"","format":"standard","meta":{"footnotes":""},"categories":[21,23],"tags":[],"class_list":["post-544","post","type-post","status-publish","format-standard","hentry","category-evenements","category-souvenirs"],"_links":{"self":[{"href":"https:\/\/www.laverda-lcf.fr\/index.php\/wp-json\/wp\/v2\/posts\/544","targetHints":{"allow":["GET"]}}],"collection":[{"href":"https:\/\/www.laverda-lcf.fr\/index.php\/wp-json\/wp\/v2\/posts"}],"about":[{"href":"https:\/\/www.laverda-lcf.fr\/index.php\/wp-json\/wp\/v2\/types\/post"}],"author":[{"embeddable":true,"href":"https:\/\/www.laverda-lcf.fr\/index.php\/wp-json\/wp\/v2\/users\/2"}],"replies":[{"embeddable":true,"href":"https:\/\/www.laverda-lcf.fr\/index.php\/wp-json\/wp\/v2\/comments?post=544"}],"version-history":[{"count":1,"href":"https:\/\/www.laverda-lcf.fr\/index.php\/wp-json\/wp\/v2\/posts\/544\/revisions"}],"predecessor-version":[{"id":545,"href":"https:\/\/www.laverda-lcf.fr\/index.php\/wp-json\/wp\/v2\/posts\/544\/revisions\/545"}],"wp:attachment":[{"href":"https:\/\/www.laverda-lcf.fr\/index.php\/wp-json\/wp\/v2\/media?parent=544"}],"wp:term":[{"taxonomy":"category","embeddable":true,"href":"https:\/\/www.laverda-lcf.fr\/index.php\/wp-json\/wp\/v2\/categories?post=544"},{"taxonomy":"post_tag","embeddable":true,"href":"https:\/\/www.laverda-lcf.fr\/index.php\/wp-json\/wp\/v2\/tags?post=544"}],"curies":[{"name":"wp","href":"https:\/\/api.w.org\/{rel}","templated":true}]}}