{"id":539,"date":"2021-03-02T19:03:28","date_gmt":"2021-03-02T18:03:28","guid":{"rendered":"https:\/\/www.laverda-lcf.fr\/?p=539"},"modified":"2022-11-21T19:06:42","modified_gmt":"2022-11-21T18:06:42","slug":"achat-moto","status":"publish","type":"post","link":"https:\/\/www.laverda-lcf.fr\/index.php\/2021\/03\/02\/achat-moto\/","title":{"rendered":"Achat moto"},"content":{"rendered":"\n<p class=\"has-medium-font-size\"><a rel=\"noreferrer noopener\" href=\"https:\/\/www.laverda-lcf.fr\/wp-content\/uploads\/2021\/03\/carte-de-visite-serge-drancy.jpg\" target=\"_blank\"><strong> -Serge<\/strong><\/a> recherche  une 750 SFC Replica  \u00e0 frein \u00e0 tambour.<\/p>\n\n\n\n<p class=\"has-medium-font-size\"><a rel=\"noreferrer noopener\" href=\"https:\/\/www.laverda-lcf.fr\/wp-content\/uploads\/2021\/03\/carte-de-visite-didier-Bron.jpg\" target=\"_blank\"><strong>-Didier<\/strong><\/a> recherche une 1000 3CL (jantes \u00e0 b\u00e2tons) de 1976 en \u00e9tat d&rsquo;origine.<\/p>\n\n\n\n<p class=\"has-medium-font-size\">&#8211;<strong><a href=\"https:\/\/www.laverda-lcf.fr\/wp-content\/uploads\/2022\/11\/CV-TALAVERA.jpg\" target=\"_blank\" rel=\"noreferrer noopener\">Jean Michel Talavera<\/a><\/strong> recherche une 1000 RGS Corsa. <\/p>\n","protected":false},"excerpt":{"rendered":"<p>-Serge recherche une 750 SFC Replica \u00e0 frein \u00e0 tambour. -Didier recherche une 1000 3CL (jantes \u00e0 b\u00e2tons) de 1976 en \u00e9tat d&rsquo;origine. &#8211;Jean Michel Talavera recherche une 1000 RGS Corsa.<\/p>\n","protected":false},"author":2,"featured_media":0,"comment_status":"closed","ping_status":"closed","sticky":false,"template":"","format":"standard","meta":{"footnotes":""},"categories":[15],"tags":[],"class_list":["post-539","post","type-post","status-publish","format-standard","hentry","category-achat-moto"],"_links":{"self":[{"href":"https:\/\/www.laverda-lcf.fr\/index.php\/wp-json\/wp\/v2\/posts\/539","targetHints":{"allow":["GET"]}}],"collection":[{"href":"https:\/\/www.laverda-lcf.fr\/index.php\/wp-json\/wp\/v2\/posts"}],"about":[{"href":"https:\/\/www.laverda-lcf.fr\/index.php\/wp-json\/wp\/v2\/types\/post"}],"author":[{"embeddable":true,"href":"https:\/\/www.laverda-lcf.fr\/index.php\/wp-json\/wp\/v2\/users\/2"}],"replies":[{"embeddable":true,"href":"https:\/\/www.laverda-lcf.fr\/index.php\/wp-json\/wp\/v2\/comments?post=539"}],"version-history":[{"count":6,"href":"https:\/\/www.laverda-lcf.fr\/index.php\/wp-json\/wp\/v2\/posts\/539\/revisions"}],"predecessor-version":[{"id":1187,"href":"https:\/\/www.laverda-lcf.fr\/index.php\/wp-json\/wp\/v2\/posts\/539\/revisions\/1187"}],"wp:attachment":[{"href":"https:\/\/www.laverda-lcf.fr\/index.php\/wp-json\/wp\/v2\/media?parent=539"}],"wp:term":[{"taxonomy":"category","embeddable":true,"href":"https:\/\/www.laverda-lcf.fr\/index.php\/wp-json\/wp\/v2\/categories?post=539"},{"taxonomy":"post_tag","embeddable":true,"href":"https:\/\/www.laverda-lcf.fr\/index.php\/wp-json\/wp\/v2\/tags?post=539"}],"curies":[{"name":"wp","href":"https:\/\/api.w.org\/{rel}","templated":true}]}}