{"id":512,"date":"2021-05-16T13:26:00","date_gmt":"2021-05-16T11:26:00","guid":{"rendered":"https:\/\/www.laverda-lcf.fr\/?p=512"},"modified":"2021-05-16T18:37:21","modified_gmt":"2021-05-16T16:37:21","slug":"recherche-piece","status":"publish","type":"post","link":"https:\/\/www.laverda-lcf.fr\/index.php\/2021\/05\/16\/recherche-piece\/","title":{"rendered":"Achat pi\u00e8ce.."},"content":{"rendered":"\n<p class=\"has-medium-font-size\">Denis Chavet (alias Grand Denis) cherche un dosseret de selle pour une Montjuic MK1&#8230; <a href=\"https:\/\/www.laverda-lcf.fr\/wp-content\/uploads\/2021\/05\/carte-visite-denis-chavet.jpg\" target=\"_blank\" rel=\"noreferrer noopener\"><strong>Voir coordonn\u00e9es de \u00ab\u00a0Grand Denis\u00a0\u00bb<\/strong><\/a><\/p>\n\n\n\n<p class=\"has-medium-font-size\">Pascal (N\u00b0414 du LCF) cherche un kit de s\u00e9lection \u00e0 gauche pour Laverda 1000. &#8230;<strong><a rel=\"noreferrer noopener\" target=\"_blank\" href=\"https:\/\/www.laverda-lcf.fr\/wp-content\/uploads\/2021\/04\/N414.jpg\">Voir coordonn\u00e9es de Pascal<\/a><\/strong><\/p>\n\n\n\n<p><\/p>\n","protected":false},"excerpt":{"rendered":"<p>Denis Chavet (alias Grand Denis) cherche un dosseret de selle pour une Montjuic MK1&#8230; Voir coordonn\u00e9es de \u00ab\u00a0Grand Denis\u00a0\u00bb Pascal (N\u00b0414 du LCF) cherche un kit de s\u00e9lection \u00e0 gauche pour Laverda 1000. &#8230;Voir coordonn\u00e9es de Pascal<\/p>\n","protected":false},"author":2,"featured_media":0,"comment_status":"closed","ping_status":"closed","sticky":false,"template":"","format":"standard","meta":{"footnotes":""},"categories":[14],"tags":[],"class_list":["post-512","post","type-post","status-publish","format-standard","hentry","category-achat-piece"],"_links":{"self":[{"href":"https:\/\/www.laverda-lcf.fr\/index.php\/wp-json\/wp\/v2\/posts\/512","targetHints":{"allow":["GET"]}}],"collection":[{"href":"https:\/\/www.laverda-lcf.fr\/index.php\/wp-json\/wp\/v2\/posts"}],"about":[{"href":"https:\/\/www.laverda-lcf.fr\/index.php\/wp-json\/wp\/v2\/types\/post"}],"author":[{"embeddable":true,"href":"https:\/\/www.laverda-lcf.fr\/index.php\/wp-json\/wp\/v2\/users\/2"}],"replies":[{"embeddable":true,"href":"https:\/\/www.laverda-lcf.fr\/index.php\/wp-json\/wp\/v2\/comments?post=512"}],"version-history":[{"count":10,"href":"https:\/\/www.laverda-lcf.fr\/index.php\/wp-json\/wp\/v2\/posts\/512\/revisions"}],"predecessor-version":[{"id":823,"href":"https:\/\/www.laverda-lcf.fr\/index.php\/wp-json\/wp\/v2\/posts\/512\/revisions\/823"}],"wp:attachment":[{"href":"https:\/\/www.laverda-lcf.fr\/index.php\/wp-json\/wp\/v2\/media?parent=512"}],"wp:term":[{"taxonomy":"category","embeddable":true,"href":"https:\/\/www.laverda-lcf.fr\/index.php\/wp-json\/wp\/v2\/categories?post=512"},{"taxonomy":"post_tag","embeddable":true,"href":"https:\/\/www.laverda-lcf.fr\/index.php\/wp-json\/wp\/v2\/tags?post=512"}],"curies":[{"name":"wp","href":"https:\/\/api.w.org\/{rel}","templated":true}]}}