{"id":2011,"date":"2026-08-30T18:05:55","date_gmt":"2026-08-30T16:05:55","guid":{"rendered":"https:\/\/www.laverda-lcf.fr\/?p=2011"},"modified":"2026-08-30T18:05:55","modified_gmt":"2026-08-30T16:05:55","slug":"qdn-03","status":"publish","type":"post","link":"https:\/\/www.laverda-lcf.fr\/index.php\/2026\/08\/30\/qdn-03\/","title":{"rendered":"QDN 03"},"content":{"rendered":"\n<p>Bonjour \u00e0 tous,<\/p>\n\n\n\n<p>Nous venons d&rsquo;apprendre subitement le d\u00e9c\u00e8s de Fr\u00e9d\u00e9ric Drufin.<\/p>\n\n\n\n<p>Fred a toujours \u00e9t\u00e9 un membre actif du LCF depuis longtemps. Il \u00e9tait toujours pr\u00e9sent aux rassemblements et aux AG.&nbsp;<\/p>\n\n\n\n<p>Le week-end dernier il \u00e9tait encore \u00e0 Gedinne avec ses copains.&nbsp;<\/p>\n\n\n\n<p>Nous garderons de lui le souvenir d&rsquo;une personne sympathique et souriante.<\/p>\n\n\n\n<p>Bonne route Fred !!!<\/p>\n\n\n\n<p><\/p>\n\n\n\n<p><\/p>\n\n\n\n<figure class=\"wp-block-gallery has-nested-images columns-default is-cropped wp-block-gallery-1 is-layout-flex wp-block-gallery-is-layout-flex\">\n<figure class=\"wp-block-image size-large\"><img loading=\"lazy\" decoding=\"async\" width=\"737\" height=\"1024\" data-id=\"2012\" src=\"https:\/\/www.laverda-lcf.fr\/wp-content\/uploads\/2026\/08\/WhatsApp-Image-2026-08-30-at-12.42.55-737x1024.jpeg\" alt=\"\" class=\"wp-image-2012\" srcset=\"https:\/\/www.laverda-lcf.fr\/wp-content\/uploads\/2026\/08\/WhatsApp-Image-2026-08-30-at-12.42.55-737x1024.jpeg 737w, https:\/\/www.laverda-lcf.fr\/wp-content\/uploads\/2026\/08\/WhatsApp-Image-2026-08-30-at-12.42.55-216x300.jpeg 216w, https:\/\/www.laverda-lcf.fr\/wp-content\/uploads\/2026\/08\/WhatsApp-Image-2026-08-30-at-12.42.55-768x1067.jpeg 768w, https:\/\/www.laverda-lcf.fr\/wp-content\/uploads\/2026\/08\/WhatsApp-Image-2026-08-30-at-12.42.55-1106x1536.jpeg 1106w, https:\/\/www.laverda-lcf.fr\/wp-content\/uploads\/2026\/08\/WhatsApp-Image-2026-08-30-at-12.42.55.jpeg 1296w\" sizes=\"auto, (max-width: 737px) 100vw, 737px\" \/><\/figure>\n<\/figure>\n","protected":false},"excerpt":{"rendered":"<p>Bonjour \u00e0 tous, Nous venons d&rsquo;apprendre subitement le d\u00e9c\u00e8s de Fr\u00e9d\u00e9ric Drufin. Fred a toujours \u00e9t\u00e9 un membre actif du LCF depuis longtemps. Il \u00e9tait toujours pr\u00e9sent aux rassemblements et aux AG.&nbsp; Le week-end dernier il \u00e9tait encore \u00e0 Gedinne avec ses copains.&nbsp; Nous garderons de lui le souvenir d&rsquo;une personne sympathique et souriante. Bonne &hellip; <a href=\"https:\/\/www.laverda-lcf.fr\/index.php\/2026\/08\/30\/qdn-03\/\" class=\"more-link\">Continuer la lecture de <span class=\"screen-reader-text\">QDN 03<\/span> <span class=\"meta-nav\">&rarr;<\/span><\/a><\/p>\n","protected":false},"author":4,"featured_media":0,"comment_status":"closed","ping_status":"","sticky":false,"template":"","format":"standard","meta":{"footnotes":""},"categories":[24],"tags":[],"class_list":["post-2011","post","type-post","status-publish","format-standard","hentry","category-qdn"],"_links":{"self":[{"href":"https:\/\/www.laverda-lcf.fr\/index.php\/wp-json\/wp\/v2\/posts\/2011","targetHints":{"allow":["GET"]}}],"collection":[{"href":"https:\/\/www.laverda-lcf.fr\/index.php\/wp-json\/wp\/v2\/posts"}],"about":[{"href":"https:\/\/www.laverda-lcf.fr\/index.php\/wp-json\/wp\/v2\/types\/post"}],"author":[{"embeddable":true,"href":"https:\/\/www.laverda-lcf.fr\/index.php\/wp-json\/wp\/v2\/users\/4"}],"replies":[{"embeddable":true,"href":"https:\/\/www.laverda-lcf.fr\/index.php\/wp-json\/wp\/v2\/comments?post=2011"}],"version-history":[{"count":1,"href":"https:\/\/www.laverda-lcf.fr\/index.php\/wp-json\/wp\/v2\/posts\/2011\/revisions"}],"predecessor-version":[{"id":2013,"href":"https:\/\/www.laverda-lcf.fr\/index.php\/wp-json\/wp\/v2\/posts\/2011\/revisions\/2013"}],"wp:attachment":[{"href":"https:\/\/www.laverda-lcf.fr\/index.php\/wp-json\/wp\/v2\/media?parent=2011"}],"wp:term":[{"taxonomy":"category","embeddable":true,"href":"https:\/\/www.laverda-lcf.fr\/index.php\/wp-json\/wp\/v2\/categories?post=2011"},{"taxonomy":"post_tag","embeddable":true,"href":"https:\/\/www.laverda-lcf.fr\/index.php\/wp-json\/wp\/v2\/tags?post=2011"}],"curies":[{"name":"wp","href":"https:\/\/api.w.org\/{rel}","templated":true}]}}