{"id":1939,"date":"2026-03-15T15:54:53","date_gmt":"2026-03-15T14:54:53","guid":{"rendered":"https:\/\/www.laverda-lcf.fr\/?p=1939"},"modified":"2026-03-15T15:54:53","modified_gmt":"2026-03-15T14:54:53","slug":"rassemblement-2026","status":"publish","type":"post","link":"https:\/\/www.laverda-lcf.fr\/index.php\/2026\/03\/15\/rassemblement-2026\/","title":{"rendered":"Rassemblement 2026"},"content":{"rendered":"\n<p class=\"has-medium-font-size\">En avant premi\u00e8re l&rsquo;affiche du prochain rassemblement qui se d\u00e9roulera dans le Lot du 29 au 31 mai 2026 et le bulletin d&rsquo;inscription&#8230; Pensez d\u00e8s maintenant \u00e0 cocher vos agendas&#8230;<\/p>\n\n\n\n<div class=\"wp-block-buttons is-layout-flex wp-block-buttons-is-layout-flex\">\n<div class=\"wp-block-button\"><a class=\"wp-block-button__link wp-element-button\" href=\"https:\/\/www.laverda-lcf.fr\/wp-content\/uploads\/2026\/01\/Bulletin-inscription-LCF-Lot-2026.pdf\" target=\"_blank\" rel=\"noreferrer noopener\">Bulletin d&rsquo;inscription Lot 2026<\/a><\/div>\n<\/div>\n\n\n\n<p><\/p>\n\n\n\n<figure class=\"wp-block-image size-large\"><img loading=\"lazy\" decoding=\"async\" width=\"721\" height=\"1024\" src=\"https:\/\/www.laverda-lcf.fr\/wp-content\/uploads\/2026\/01\/Affiche-rassemblement-2026-721x1024.jpg\" alt=\"\" class=\"wp-image-1938\" srcset=\"https:\/\/www.laverda-lcf.fr\/wp-content\/uploads\/2026\/01\/Affiche-rassemblement-2026-721x1024.jpg 721w, https:\/\/www.laverda-lcf.fr\/wp-content\/uploads\/2026\/01\/Affiche-rassemblement-2026-211x300.jpg 211w, https:\/\/www.laverda-lcf.fr\/wp-content\/uploads\/2026\/01\/Affiche-rassemblement-2026-768x1091.jpg 768w, https:\/\/www.laverda-lcf.fr\/wp-content\/uploads\/2026\/01\/Affiche-rassemblement-2026.jpg 845w\" sizes=\"auto, (max-width: 721px) 100vw, 721px\" \/><\/figure>\n","protected":false},"excerpt":{"rendered":"<p>En avant premi\u00e8re l&rsquo;affiche du prochain rassemblement qui se d\u00e9roulera dans le Lot du 29 au 31 mai 2026 et le bulletin d&rsquo;inscription&#8230; Pensez d\u00e8s maintenant \u00e0 cocher vos agendas&#8230;<\/p>\n","protected":false},"author":2,"featured_media":0,"comment_status":"closed","ping_status":"","sticky":false,"template":"","format":"standard","meta":{"footnotes":""},"categories":[22,6,21],"tags":[],"class_list":["post-1939","post","type-post","status-publish","format-standard","hentry","category-a-venir","category-actualite","category-evenements"],"_links":{"self":[{"href":"https:\/\/www.laverda-lcf.fr\/index.php\/wp-json\/wp\/v2\/posts\/1939","targetHints":{"allow":["GET"]}}],"collection":[{"href":"https:\/\/www.laverda-lcf.fr\/index.php\/wp-json\/wp\/v2\/posts"}],"about":[{"href":"https:\/\/www.laverda-lcf.fr\/index.php\/wp-json\/wp\/v2\/types\/post"}],"author":[{"embeddable":true,"href":"https:\/\/www.laverda-lcf.fr\/index.php\/wp-json\/wp\/v2\/users\/2"}],"replies":[{"embeddable":true,"href":"https:\/\/www.laverda-lcf.fr\/index.php\/wp-json\/wp\/v2\/comments?post=1939"}],"version-history":[{"count":5,"href":"https:\/\/www.laverda-lcf.fr\/index.php\/wp-json\/wp\/v2\/posts\/1939\/revisions"}],"predecessor-version":[{"id":1956,"href":"https:\/\/www.laverda-lcf.fr\/index.php\/wp-json\/wp\/v2\/posts\/1939\/revisions\/1956"}],"wp:attachment":[{"href":"https:\/\/www.laverda-lcf.fr\/index.php\/wp-json\/wp\/v2\/media?parent=1939"}],"wp:term":[{"taxonomy":"category","embeddable":true,"href":"https:\/\/www.laverda-lcf.fr\/index.php\/wp-json\/wp\/v2\/categories?post=1939"},{"taxonomy":"post_tag","embeddable":true,"href":"https:\/\/www.laverda-lcf.fr\/index.php\/wp-json\/wp\/v2\/tags?post=1939"}],"curies":[{"name":"wp","href":"https:\/\/api.w.org\/{rel}","templated":true}]}}