{"id":1913,"date":"2025-10-27T12:13:52","date_gmt":"2025-10-27T11:13:52","guid":{"rendered":"https:\/\/www.laverda-lcf.fr\/?p=1913"},"modified":"2025-10-27T12:16:03","modified_gmt":"2025-10-27T11:16:03","slug":"po-au-garage-mandello","status":"publish","type":"post","link":"https:\/\/www.laverda-lcf.fr\/index.php\/2025\/10\/27\/po-au-garage-mandello\/","title":{"rendered":"PO au garage Mandello"},"content":{"rendered":"\n<p class=\"has-medium-font-size\">La vie du club est faite aussi de petites sorties locales organis\u00e9es parfois au dernier moment .. Je laisse Pakale nous raconter sa derni\u00e8re..<\/p>\n\n\n\n<p class=\"has-medium-font-size\"><em>Nous sommes all\u00e9s \u00e0 une journ\u00e9e porte ouverte au garage Mandello Passion ( chez nos amis B\u00e9a et Bruno eux aussi membres du club. Moments bien sympas partag\u00e9 sous le soleil de Vend\u00e9e avec de nombreux motards qui \u00e9taient pr\u00e9sents pour la d\u00e9gustation des huitre et du muscadet..<\/em><\/p>\n\n\n\n<p class=\"has-medium-font-size\"><em>Merci \u00e0 eux&#8230; Pakale<\/em><\/p>\n\n\n\n<p class=\"has-text-align-center\">Cliquez sur les photos pour agrandir<\/p>\n\n\n\n<figure class=\"wp-block-gallery has-nested-images columns-default is-cropped wp-block-gallery-1 is-layout-flex wp-block-gallery-is-layout-flex\">\n<figure data-wp-context=\"{&quot;imageId&quot;:&quot;69f173444a70a&quot;}\" data-wp-interactive=\"core\/image\" data-wp-key=\"69f173444a70a\" class=\"wp-block-image size-large wp-lightbox-container\"><img loading=\"lazy\" decoding=\"async\" width=\"1024\" height=\"768\" data-wp-class--hide=\"state.isContentHidden\" data-wp-class--show=\"state.isContentVisible\" data-wp-init=\"callbacks.setButtonStyles\" data-wp-on--click=\"actions.showLightbox\" data-wp-on--load=\"callbacks.setButtonStyles\" data-wp-on-window--resize=\"callbacks.setButtonStyles\" data-id=\"1912\" src=\"https:\/\/www.laverda-lcf.fr\/wp-content\/uploads\/2025\/10\/po-MANDELLO-3-1024x768.jpg\" alt=\"\" class=\"wp-image-1912\" srcset=\"https:\/\/www.laverda-lcf.fr\/wp-content\/uploads\/2025\/10\/po-MANDELLO-3-1024x768.jpg 1024w, https:\/\/www.laverda-lcf.fr\/wp-content\/uploads\/2025\/10\/po-MANDELLO-3-300x225.jpg 300w, https:\/\/www.laverda-lcf.fr\/wp-content\/uploads\/2025\/10\/po-MANDELLO-3-768x576.jpg 768w, https:\/\/www.laverda-lcf.fr\/wp-content\/uploads\/2025\/10\/po-MANDELLO-3-1536x1152.jpg 1536w, https:\/\/www.laverda-lcf.fr\/wp-content\/uploads\/2025\/10\/po-MANDELLO-3.jpg 1600w\" sizes=\"auto, (max-width: 1024px) 100vw, 1024px\" \/><button\n\t\t\tclass=\"lightbox-trigger\"\n\t\t\ttype=\"button\"\n\t\t\taria-haspopup=\"dialog\"\n\t\t\taria-label=\"Agrandir\"\n\t\t\tdata-wp-init=\"callbacks.initTriggerButton\"\n\t\t\tdata-wp-on--click=\"actions.showLightbox\"\n\t\t\tdata-wp-style--right=\"state.imageButtonRight\"\n\t\t\tdata-wp-style--top=\"state.imageButtonTop\"\n\t\t>\n\t\t\t<svg xmlns=\"http:\/\/www.w3.org\/2000\/svg\" width=\"12\" height=\"12\" fill=\"none\" viewBox=\"0 0 12 12\">\n\t\t\t\t<path fill=\"#fff\" d=\"M2 0a2 2 0 0 0-2 2v2h1.5V2a.5.5 0 0 1 .5-.5h2V0H2Zm2 10.5H2a.5.5 0 0 1-.5-.5V8H0v2a2 2 0 0 0 2 2h2v-1.5ZM8 12v-1.5h2a.5.5 0 0 0 .5-.5V8H12v2a2 2 0 0 1-2 2H8Zm2-12a2 2 0 0 1 2 2v2h-1.5V2a.5.5 0 0 0-.5-.5H8V0h2Z\" \/>\n\t\t\t<\/svg>\n\t\t<\/button><\/figure>\n\n\n\n<figure data-wp-context=\"{&quot;imageId&quot;:&quot;69f173444ac07&quot;}\" data-wp-interactive=\"core\/image\" data-wp-key=\"69f173444ac07\" class=\"wp-block-image size-large wp-lightbox-container\"><img loading=\"lazy\" decoding=\"async\" width=\"1024\" height=\"768\" data-wp-class--hide=\"state.isContentHidden\" data-wp-class--show=\"state.isContentVisible\" data-wp-init=\"callbacks.setButtonStyles\" data-wp-on--click=\"actions.showLightbox\" data-wp-on--load=\"callbacks.setButtonStyles\" data-wp-on-window--resize=\"callbacks.setButtonStyles\" data-id=\"1911\" src=\"https:\/\/www.laverda-lcf.fr\/wp-content\/uploads\/2025\/10\/po-MANDELLO-2-1024x768.jpg\" alt=\"\" class=\"wp-image-1911\" srcset=\"https:\/\/www.laverda-lcf.fr\/wp-content\/uploads\/2025\/10\/po-MANDELLO-2-1024x768.jpg 1024w, https:\/\/www.laverda-lcf.fr\/wp-content\/uploads\/2025\/10\/po-MANDELLO-2-300x225.jpg 300w, https:\/\/www.laverda-lcf.fr\/wp-content\/uploads\/2025\/10\/po-MANDELLO-2-768x576.jpg 768w, https:\/\/www.laverda-lcf.fr\/wp-content\/uploads\/2025\/10\/po-MANDELLO-2-1536x1152.jpg 1536w, https:\/\/www.laverda-lcf.fr\/wp-content\/uploads\/2025\/10\/po-MANDELLO-2.jpg 1600w\" sizes=\"auto, (max-width: 1024px) 100vw, 1024px\" \/><button\n\t\t\tclass=\"lightbox-trigger\"\n\t\t\ttype=\"button\"\n\t\t\taria-haspopup=\"dialog\"\n\t\t\taria-label=\"Agrandir\"\n\t\t\tdata-wp-init=\"callbacks.initTriggerButton\"\n\t\t\tdata-wp-on--click=\"actions.showLightbox\"\n\t\t\tdata-wp-style--right=\"state.imageButtonRight\"\n\t\t\tdata-wp-style--top=\"state.imageButtonTop\"\n\t\t>\n\t\t\t<svg xmlns=\"http:\/\/www.w3.org\/2000\/svg\" width=\"12\" height=\"12\" fill=\"none\" viewBox=\"0 0 12 12\">\n\t\t\t\t<path fill=\"#fff\" d=\"M2 0a2 2 0 0 0-2 2v2h1.5V2a.5.5 0 0 1 .5-.5h2V0H2Zm2 10.5H2a.5.5 0 0 1-.5-.5V8H0v2a2 2 0 0 0 2 2h2v-1.5ZM8 12v-1.5h2a.5.5 0 0 0 .5-.5V8H12v2a2 2 0 0 1-2 2H8Zm2-12a2 2 0 0 1 2 2v2h-1.5V2a.5.5 0 0 0-.5-.5H8V0h2Z\" \/>\n\t\t\t<\/svg>\n\t\t<\/button><\/figure>\n\n\n\n<figure data-wp-context=\"{&quot;imageId&quot;:&quot;69f173444b014&quot;}\" data-wp-interactive=\"core\/image\" data-wp-key=\"69f173444b014\" class=\"wp-block-image size-large wp-lightbox-container\"><img loading=\"lazy\" decoding=\"async\" width=\"768\" height=\"1024\" data-wp-class--hide=\"state.isContentHidden\" data-wp-class--show=\"state.isContentVisible\" data-wp-init=\"callbacks.setButtonStyles\" data-wp-on--click=\"actions.showLightbox\" data-wp-on--load=\"callbacks.setButtonStyles\" data-wp-on-window--resize=\"callbacks.setButtonStyles\" data-id=\"1910\" src=\"https:\/\/www.laverda-lcf.fr\/wp-content\/uploads\/2025\/10\/po-MANDELLO-1-768x1024.jpg\" alt=\"\" class=\"wp-image-1910\" srcset=\"https:\/\/www.laverda-lcf.fr\/wp-content\/uploads\/2025\/10\/po-MANDELLO-1-768x1024.jpg 768w, https:\/\/www.laverda-lcf.fr\/wp-content\/uploads\/2025\/10\/po-MANDELLO-1-225x300.jpg 225w, https:\/\/www.laverda-lcf.fr\/wp-content\/uploads\/2025\/10\/po-MANDELLO-1-1152x1536.jpg 1152w, https:\/\/www.laverda-lcf.fr\/wp-content\/uploads\/2025\/10\/po-MANDELLO-1.jpg 1200w\" sizes=\"auto, (max-width: 768px) 100vw, 768px\" \/><button\n\t\t\tclass=\"lightbox-trigger\"\n\t\t\ttype=\"button\"\n\t\t\taria-haspopup=\"dialog\"\n\t\t\taria-label=\"Agrandir\"\n\t\t\tdata-wp-init=\"callbacks.initTriggerButton\"\n\t\t\tdata-wp-on--click=\"actions.showLightbox\"\n\t\t\tdata-wp-style--right=\"state.imageButtonRight\"\n\t\t\tdata-wp-style--top=\"state.imageButtonTop\"\n\t\t>\n\t\t\t<svg xmlns=\"http:\/\/www.w3.org\/2000\/svg\" width=\"12\" height=\"12\" fill=\"none\" viewBox=\"0 0 12 12\">\n\t\t\t\t<path fill=\"#fff\" d=\"M2 0a2 2 0 0 0-2 2v2h1.5V2a.5.5 0 0 1 .5-.5h2V0H2Zm2 10.5H2a.5.5 0 0 1-.5-.5V8H0v2a2 2 0 0 0 2 2h2v-1.5ZM8 12v-1.5h2a.5.5 0 0 0 .5-.5V8H12v2a2 2 0 0 1-2 2H8Zm2-12a2 2 0 0 1 2 2v2h-1.5V2a.5.5 0 0 0-.5-.5H8V0h2Z\" \/>\n\t\t\t<\/svg>\n\t\t<\/button><\/figure>\n<\/figure>\n","protected":false},"excerpt":{"rendered":"<p>La vie du club est faite aussi de petites sorties locales organis\u00e9es parfois au dernier moment .. Je laisse Pakale nous raconter sa derni\u00e8re.. Nous sommes all\u00e9s \u00e0 une journ\u00e9e porte ouverte au garage Mandello Passion ( chez nos amis B\u00e9a et Bruno eux aussi membres du club. Moments bien sympas partag\u00e9 sous le soleil &hellip; <a href=\"https:\/\/www.laverda-lcf.fr\/index.php\/2025\/10\/27\/po-au-garage-mandello\/\" class=\"more-link\">Continuer la lecture de <span class=\"screen-reader-text\">PO au garage Mandello<\/span> <span class=\"meta-nav\">&rarr;<\/span><\/a><\/p>\n","protected":false},"author":2,"featured_media":0,"comment_status":"closed","ping_status":"","sticky":false,"template":"","format":"standard","meta":{"footnotes":""},"categories":[29],"tags":[],"class_list":["post-1913","post","type-post","status-publish","format-standard","hentry","category-petites-sorties-persos"],"_links":{"self":[{"href":"https:\/\/www.laverda-lcf.fr\/index.php\/wp-json\/wp\/v2\/posts\/1913","targetHints":{"allow":["GET"]}}],"collection":[{"href":"https:\/\/www.laverda-lcf.fr\/index.php\/wp-json\/wp\/v2\/posts"}],"about":[{"href":"https:\/\/www.laverda-lcf.fr\/index.php\/wp-json\/wp\/v2\/types\/post"}],"author":[{"embeddable":true,"href":"https:\/\/www.laverda-lcf.fr\/index.php\/wp-json\/wp\/v2\/users\/2"}],"replies":[{"embeddable":true,"href":"https:\/\/www.laverda-lcf.fr\/index.php\/wp-json\/wp\/v2\/comments?post=1913"}],"version-history":[{"count":2,"href":"https:\/\/www.laverda-lcf.fr\/index.php\/wp-json\/wp\/v2\/posts\/1913\/revisions"}],"predecessor-version":[{"id":1916,"href":"https:\/\/www.laverda-lcf.fr\/index.php\/wp-json\/wp\/v2\/posts\/1913\/revisions\/1916"}],"wp:attachment":[{"href":"https:\/\/www.laverda-lcf.fr\/index.php\/wp-json\/wp\/v2\/media?parent=1913"}],"wp:term":[{"taxonomy":"category","embeddable":true,"href":"https:\/\/www.laverda-lcf.fr\/index.php\/wp-json\/wp\/v2\/categories?post=1913"},{"taxonomy":"post_tag","embeddable":true,"href":"https:\/\/www.laverda-lcf.fr\/index.php\/wp-json\/wp\/v2\/tags?post=1913"}],"curies":[{"name":"wp","href":"https:\/\/api.w.org\/{rel}","templated":true}]}}