{"id":1694,"date":"2025-04-29T14:19:32","date_gmt":"2025-04-29T12:19:32","guid":{"rendered":"https:\/\/www.laverda-lcf.fr\/?p=1694"},"modified":"2025-05-01T14:53:43","modified_gmt":"2025-05-01T12:53:43","slug":"salon-de-rennes","status":"publish","type":"post","link":"https:\/\/www.laverda-lcf.fr\/index.php\/2025\/04\/29\/salon-de-rennes\/","title":{"rendered":"Salon De Rennes"},"content":{"rendered":"\n<figure data-wp-context=\"{&quot;imageId&quot;:&quot;69f1893fed0e7&quot;}\" data-wp-interactive=\"core\/image\" data-wp-key=\"69f1893fed0e7\" class=\"wp-block-image size-large wp-lightbox-container\"><img loading=\"lazy\" decoding=\"async\" width=\"1024\" height=\"473\" data-wp-class--hide=\"state.isContentHidden\" data-wp-class--show=\"state.isContentVisible\" data-wp-init=\"callbacks.setButtonStyles\" data-wp-on--click=\"actions.showLightbox\" data-wp-on--load=\"callbacks.setButtonStyles\" data-wp-on-window--resize=\"callbacks.setButtonStyles\" src=\"https:\/\/www.laverda-lcf.fr\/wp-content\/uploads\/2025\/05\/rennes-10-1024x473.jpg\" alt=\"\" class=\"wp-image-1699\" srcset=\"https:\/\/www.laverda-lcf.fr\/wp-content\/uploads\/2025\/05\/rennes-10-1024x473.jpg 1024w, https:\/\/www.laverda-lcf.fr\/wp-content\/uploads\/2025\/05\/rennes-10-300x139.jpg 300w, https:\/\/www.laverda-lcf.fr\/wp-content\/uploads\/2025\/05\/rennes-10-768x355.jpg 768w, https:\/\/www.laverda-lcf.fr\/wp-content\/uploads\/2025\/05\/rennes-10.jpg 1200w\" sizes=\"auto, (max-width: 1024px) 100vw, 1024px\" \/><button\n\t\t\tclass=\"lightbox-trigger\"\n\t\t\ttype=\"button\"\n\t\t\taria-haspopup=\"dialog\"\n\t\t\taria-label=\"Agrandir\"\n\t\t\tdata-wp-init=\"callbacks.initTriggerButton\"\n\t\t\tdata-wp-on--click=\"actions.showLightbox\"\n\t\t\tdata-wp-style--right=\"state.imageButtonRight\"\n\t\t\tdata-wp-style--top=\"state.imageButtonTop\"\n\t\t>\n\t\t\t<svg xmlns=\"http:\/\/www.w3.org\/2000\/svg\" width=\"12\" height=\"12\" fill=\"none\" viewBox=\"0 0 12 12\">\n\t\t\t\t<path fill=\"#fff\" d=\"M2 0a2 2 0 0 0-2 2v2h1.5V2a.5.5 0 0 1 .5-.5h2V0H2Zm2 10.5H2a.5.5 0 0 1-.5-.5V8H0v2a2 2 0 0 0 2 2h2v-1.5ZM8 12v-1.5h2a.5.5 0 0 0 .5-.5V8H12v2a2 2 0 0 1-2 2H8Zm2-12a2 2 0 0 1 2 2v2h-1.5V2a.5.5 0 0 0-.5-.5H8V0h2Z\" \/>\n\t\t\t<\/svg>\n\t\t<\/button><\/figure>\n\n\n\n<p class=\"has-medium-font-size\">Les 05 et 06 Avril, pour la premi\u00e8re fois depuis 21 ans, le salon R\u00e9tro Passion de Rennes consacrait un hall entier a la moto.<\/p>\n\n\n\n<p class=\"has-medium-font-size\">Nous \u00e9tions une dizaine du LCF a avoir fait le d\u00e9placement.<\/p>\n\n\n\n<figure data-wp-context=\"{&quot;imageId&quot;:&quot;69f1893fed6b7&quot;}\" data-wp-interactive=\"core\/image\" data-wp-key=\"69f1893fed6b7\" class=\"wp-block-image size-large wp-lightbox-container\"><img loading=\"lazy\" decoding=\"async\" width=\"1024\" height=\"473\" data-wp-class--hide=\"state.isContentHidden\" data-wp-class--show=\"state.isContentVisible\" data-wp-init=\"callbacks.setButtonStyles\" data-wp-on--click=\"actions.showLightbox\" data-wp-on--load=\"callbacks.setButtonStyles\" data-wp-on-window--resize=\"callbacks.setButtonStyles\" src=\"https:\/\/www.laverda-lcf.fr\/wp-content\/uploads\/2025\/05\/rennes-12-1024x473.jpg\" alt=\"\" class=\"wp-image-1702\" srcset=\"https:\/\/www.laverda-lcf.fr\/wp-content\/uploads\/2025\/05\/rennes-12-1024x473.jpg 1024w, https:\/\/www.laverda-lcf.fr\/wp-content\/uploads\/2025\/05\/rennes-12-300x139.jpg 300w, https:\/\/www.laverda-lcf.fr\/wp-content\/uploads\/2025\/05\/rennes-12-768x355.jpg 768w, https:\/\/www.laverda-lcf.fr\/wp-content\/uploads\/2025\/05\/rennes-12.jpg 1200w\" sizes=\"auto, (max-width: 1024px) 100vw, 1024px\" \/><button\n\t\t\tclass=\"lightbox-trigger\"\n\t\t\ttype=\"button\"\n\t\t\taria-haspopup=\"dialog\"\n\t\t\taria-label=\"Agrandir\"\n\t\t\tdata-wp-init=\"callbacks.initTriggerButton\"\n\t\t\tdata-wp-on--click=\"actions.showLightbox\"\n\t\t\tdata-wp-style--right=\"state.imageButtonRight\"\n\t\t\tdata-wp-style--top=\"state.imageButtonTop\"\n\t\t>\n\t\t\t<svg xmlns=\"http:\/\/www.w3.org\/2000\/svg\" width=\"12\" height=\"12\" fill=\"none\" viewBox=\"0 0 12 12\">\n\t\t\t\t<path fill=\"#fff\" d=\"M2 0a2 2 0 0 0-2 2v2h1.5V2a.5.5 0 0 1 .5-.5h2V0H2Zm2 10.5H2a.5.5 0 0 1-.5-.5V8H0v2a2 2 0 0 0 2 2h2v-1.5ZM8 12v-1.5h2a.5.5 0 0 0 .5-.5V8H12v2a2 2 0 0 1-2 2H8Zm2-12a2 2 0 0 1 2 2v2h-1.5V2a.5.5 0 0 0-.5-.5H8V0h2Z\" \/>\n\t\t\t<\/svg>\n\t\t<\/button><\/figure>\n\n\n\n<p class=\"has-medium-font-size\">Le salon ouvre le samedi a 14 h, donc pas de temps a perdre le samedi matin pour tout installer&#8230; <strong><a href=\"https:\/\/www.laverda-lcf.fr\/wp-content\/uploads\/2025\/05\/rennes.mp4\" target=\"_blank\" rel=\"noreferrer noopener\">Voir la vid\u00e9o du stand<\/a><\/strong><\/p>\n\n\n\n<p class=\"has-medium-font-size\">Il est \u00e0 noter que ce sont les moins \u00e9loign\u00e9s qui arriveront les derniers, limite avant la fermeture des grilles et se faire refouler.<\/p>\n\n\n\n<figure data-wp-context=\"{&quot;imageId&quot;:&quot;69f1893fedb72&quot;}\" data-wp-interactive=\"core\/image\" data-wp-key=\"69f1893fedb72\" class=\"wp-block-image size-large wp-lightbox-container\"><img loading=\"lazy\" decoding=\"async\" width=\"1024\" height=\"473\" data-wp-class--hide=\"state.isContentHidden\" data-wp-class--show=\"state.isContentVisible\" data-wp-init=\"callbacks.setButtonStyles\" data-wp-on--click=\"actions.showLightbox\" data-wp-on--load=\"callbacks.setButtonStyles\" data-wp-on-window--resize=\"callbacks.setButtonStyles\" src=\"https:\/\/www.laverda-lcf.fr\/wp-content\/uploads\/2025\/05\/rennes-11-1024x473.jpg\" alt=\"\" class=\"wp-image-1700\" srcset=\"https:\/\/www.laverda-lcf.fr\/wp-content\/uploads\/2025\/05\/rennes-11-1024x473.jpg 1024w, https:\/\/www.laverda-lcf.fr\/wp-content\/uploads\/2025\/05\/rennes-11-300x139.jpg 300w, https:\/\/www.laverda-lcf.fr\/wp-content\/uploads\/2025\/05\/rennes-11-768x355.jpg 768w, https:\/\/www.laverda-lcf.fr\/wp-content\/uploads\/2025\/05\/rennes-11.jpg 1200w\" sizes=\"auto, (max-width: 1024px) 100vw, 1024px\" \/><button\n\t\t\tclass=\"lightbox-trigger\"\n\t\t\ttype=\"button\"\n\t\t\taria-haspopup=\"dialog\"\n\t\t\taria-label=\"Agrandir\"\n\t\t\tdata-wp-init=\"callbacks.initTriggerButton\"\n\t\t\tdata-wp-on--click=\"actions.showLightbox\"\n\t\t\tdata-wp-style--right=\"state.imageButtonRight\"\n\t\t\tdata-wp-style--top=\"state.imageButtonTop\"\n\t\t>\n\t\t\t<svg xmlns=\"http:\/\/www.w3.org\/2000\/svg\" width=\"12\" height=\"12\" fill=\"none\" viewBox=\"0 0 12 12\">\n\t\t\t\t<path fill=\"#fff\" d=\"M2 0a2 2 0 0 0-2 2v2h1.5V2a.5.5 0 0 1 .5-.5h2V0H2Zm2 10.5H2a.5.5 0 0 1-.5-.5V8H0v2a2 2 0 0 0 2 2h2v-1.5ZM8 12v-1.5h2a.5.5 0 0 0 .5-.5V8H12v2a2 2 0 0 1-2 2H8Zm2-12a2 2 0 0 1 2 2v2h-1.5V2a.5.5 0 0 0-.5-.5H8V0h2Z\" \/>\n\t\t\t<\/svg>\n\t\t<\/button><\/figure>\n\n\n\n<p class=\"has-medium-font-size\">D\u00e9but du salon l&rsquo;apr\u00e8s midi avec pas mal de visiteurs, le beau temps aidant sans doute.<\/p>\n\n\n\n<p class=\"has-medium-font-size\">La soir\u00e9e sera anim\u00e9e autour d&rsquo;une bonne table, restaurant a 50 m de l&rsquo;h\u00f4tel.<\/p>\n\n\n\n<p class=\"has-medium-font-size\">La journ\u00e9e du dimanche sera conviviale avec beaucoup de visiteurs et bonne ambiance.<\/p>\n\n\n\n<p class=\"has-medium-font-size\">Les organisateurs nous offriront m\u00eame le repas du midi.<\/p>\n\n\n\n<p class=\"has-medium-font-size\">Week-end agr\u00e9able, merci a tous.<\/p>\n\n\n\n<p class=\"has-medium-font-size\">Denis<\/p>\n\n\n\n<p class=\"has-medium-font-size\"><\/p>\n\n\n\n<figure class=\"wp-block-gallery has-nested-images columns-default is-cropped wp-block-gallery-1 is-layout-flex wp-block-gallery-is-layout-flex\">\n<figure data-wp-context=\"{&quot;imageId&quot;:&quot;69f1893fee198&quot;}\" data-wp-interactive=\"core\/image\" data-wp-key=\"69f1893fee198\" class=\"wp-block-image size-large is-style-default wp-lightbox-container\"><img loading=\"lazy\" decoding=\"async\" width=\"1024\" height=\"768\" data-wp-class--hide=\"state.isContentHidden\" data-wp-class--show=\"state.isContentVisible\" data-wp-init=\"callbacks.setButtonStyles\" data-wp-on--click=\"actions.showLightbox\" data-wp-on--load=\"callbacks.setButtonStyles\" data-wp-on-window--resize=\"callbacks.setButtonStyles\" data-id=\"1693\" src=\"https:\/\/www.laverda-lcf.fr\/wp-content\/uploads\/2025\/04\/IMG-20250405-WA0003-1024x768.jpg\" alt=\"\" class=\"wp-image-1693\" srcset=\"https:\/\/www.laverda-lcf.fr\/wp-content\/uploads\/2025\/04\/IMG-20250405-WA0003-1024x768.jpg 1024w, https:\/\/www.laverda-lcf.fr\/wp-content\/uploads\/2025\/04\/IMG-20250405-WA0003-300x225.jpg 300w, https:\/\/www.laverda-lcf.fr\/wp-content\/uploads\/2025\/04\/IMG-20250405-WA0003-768x576.jpg 768w, https:\/\/www.laverda-lcf.fr\/wp-content\/uploads\/2025\/04\/IMG-20250405-WA0003-1536x1152.jpg 1536w, https:\/\/www.laverda-lcf.fr\/wp-content\/uploads\/2025\/04\/IMG-20250405-WA0003.jpg 1600w\" sizes=\"auto, (max-width: 1024px) 100vw, 1024px\" \/><button\n\t\t\tclass=\"lightbox-trigger\"\n\t\t\ttype=\"button\"\n\t\t\taria-haspopup=\"dialog\"\n\t\t\taria-label=\"Agrandir\"\n\t\t\tdata-wp-init=\"callbacks.initTriggerButton\"\n\t\t\tdata-wp-on--click=\"actions.showLightbox\"\n\t\t\tdata-wp-style--right=\"state.imageButtonRight\"\n\t\t\tdata-wp-style--top=\"state.imageButtonTop\"\n\t\t>\n\t\t\t<svg xmlns=\"http:\/\/www.w3.org\/2000\/svg\" width=\"12\" height=\"12\" fill=\"none\" viewBox=\"0 0 12 12\">\n\t\t\t\t<path fill=\"#fff\" d=\"M2 0a2 2 0 0 0-2 2v2h1.5V2a.5.5 0 0 1 .5-.5h2V0H2Zm2 10.5H2a.5.5 0 0 1-.5-.5V8H0v2a2 2 0 0 0 2 2h2v-1.5ZM8 12v-1.5h2a.5.5 0 0 0 .5-.5V8H12v2a2 2 0 0 1-2 2H8Zm2-12a2 2 0 0 1 2 2v2h-1.5V2a.5.5 0 0 0-.5-.5H8V0h2Z\" \/>\n\t\t\t<\/svg>\n\t\t<\/button><\/figure>\n\n\n\n<figure data-wp-context=\"{&quot;imageId&quot;:&quot;69f1893fee5ee&quot;}\" data-wp-interactive=\"core\/image\" data-wp-key=\"69f1893fee5ee\" class=\"wp-block-image size-large wp-lightbox-container\"><img loading=\"lazy\" decoding=\"async\" width=\"1024\" height=\"768\" data-wp-class--hide=\"state.isContentHidden\" data-wp-class--show=\"state.isContentVisible\" data-wp-init=\"callbacks.setButtonStyles\" data-wp-on--click=\"actions.showLightbox\" data-wp-on--load=\"callbacks.setButtonStyles\" data-wp-on-window--resize=\"callbacks.setButtonStyles\" data-id=\"1692\" src=\"https:\/\/www.laverda-lcf.fr\/wp-content\/uploads\/2025\/04\/IMG-20250405-WA0002-1024x768.jpg\" alt=\"\" class=\"wp-image-1692\" srcset=\"https:\/\/www.laverda-lcf.fr\/wp-content\/uploads\/2025\/04\/IMG-20250405-WA0002-1024x768.jpg 1024w, https:\/\/www.laverda-lcf.fr\/wp-content\/uploads\/2025\/04\/IMG-20250405-WA0002-300x225.jpg 300w, https:\/\/www.laverda-lcf.fr\/wp-content\/uploads\/2025\/04\/IMG-20250405-WA0002-768x576.jpg 768w, https:\/\/www.laverda-lcf.fr\/wp-content\/uploads\/2025\/04\/IMG-20250405-WA0002-1536x1152.jpg 1536w, https:\/\/www.laverda-lcf.fr\/wp-content\/uploads\/2025\/04\/IMG-20250405-WA0002.jpg 1600w\" sizes=\"auto, (max-width: 1024px) 100vw, 1024px\" \/><button\n\t\t\tclass=\"lightbox-trigger\"\n\t\t\ttype=\"button\"\n\t\t\taria-haspopup=\"dialog\"\n\t\t\taria-label=\"Agrandir\"\n\t\t\tdata-wp-init=\"callbacks.initTriggerButton\"\n\t\t\tdata-wp-on--click=\"actions.showLightbox\"\n\t\t\tdata-wp-style--right=\"state.imageButtonRight\"\n\t\t\tdata-wp-style--top=\"state.imageButtonTop\"\n\t\t>\n\t\t\t<svg xmlns=\"http:\/\/www.w3.org\/2000\/svg\" width=\"12\" height=\"12\" fill=\"none\" viewBox=\"0 0 12 12\">\n\t\t\t\t<path fill=\"#fff\" d=\"M2 0a2 2 0 0 0-2 2v2h1.5V2a.5.5 0 0 1 .5-.5h2V0H2Zm2 10.5H2a.5.5 0 0 1-.5-.5V8H0v2a2 2 0 0 0 2 2h2v-1.5ZM8 12v-1.5h2a.5.5 0 0 0 .5-.5V8H12v2a2 2 0 0 1-2 2H8Zm2-12a2 2 0 0 1 2 2v2h-1.5V2a.5.5 0 0 0-.5-.5H8V0h2Z\" \/>\n\t\t\t<\/svg>\n\t\t<\/button><\/figure>\n\n\n\n<figure data-wp-context=\"{&quot;imageId&quot;:&quot;69f1893feea8a&quot;}\" data-wp-interactive=\"core\/image\" data-wp-key=\"69f1893feea8a\" class=\"wp-block-image size-large wp-lightbox-container\"><img loading=\"lazy\" decoding=\"async\" width=\"768\" height=\"1024\" data-wp-class--hide=\"state.isContentHidden\" data-wp-class--show=\"state.isContentVisible\" data-wp-init=\"callbacks.setButtonStyles\" data-wp-on--click=\"actions.showLightbox\" data-wp-on--load=\"callbacks.setButtonStyles\" data-wp-on-window--resize=\"callbacks.setButtonStyles\" data-id=\"1691\" src=\"https:\/\/www.laverda-lcf.fr\/wp-content\/uploads\/2025\/04\/IMG-20250405-WA0001-768x1024.jpg\" alt=\"\" class=\"wp-image-1691\" srcset=\"https:\/\/www.laverda-lcf.fr\/wp-content\/uploads\/2025\/04\/IMG-20250405-WA0001-768x1024.jpg 768w, https:\/\/www.laverda-lcf.fr\/wp-content\/uploads\/2025\/04\/IMG-20250405-WA0001-225x300.jpg 225w, https:\/\/www.laverda-lcf.fr\/wp-content\/uploads\/2025\/04\/IMG-20250405-WA0001-1152x1536.jpg 1152w, https:\/\/www.laverda-lcf.fr\/wp-content\/uploads\/2025\/04\/IMG-20250405-WA0001.jpg 1200w\" sizes=\"auto, (max-width: 768px) 100vw, 768px\" \/><button\n\t\t\tclass=\"lightbox-trigger\"\n\t\t\ttype=\"button\"\n\t\t\taria-haspopup=\"dialog\"\n\t\t\taria-label=\"Agrandir\"\n\t\t\tdata-wp-init=\"callbacks.initTriggerButton\"\n\t\t\tdata-wp-on--click=\"actions.showLightbox\"\n\t\t\tdata-wp-style--right=\"state.imageButtonRight\"\n\t\t\tdata-wp-style--top=\"state.imageButtonTop\"\n\t\t>\n\t\t\t<svg xmlns=\"http:\/\/www.w3.org\/2000\/svg\" width=\"12\" height=\"12\" fill=\"none\" viewBox=\"0 0 12 12\">\n\t\t\t\t<path fill=\"#fff\" d=\"M2 0a2 2 0 0 0-2 2v2h1.5V2a.5.5 0 0 1 .5-.5h2V0H2Zm2 10.5H2a.5.5 0 0 1-.5-.5V8H0v2a2 2 0 0 0 2 2h2v-1.5ZM8 12v-1.5h2a.5.5 0 0 0 .5-.5V8H12v2a2 2 0 0 1-2 2H8Zm2-12a2 2 0 0 1 2 2v2h-1.5V2a.5.5 0 0 0-.5-.5H8V0h2Z\" \/>\n\t\t\t<\/svg>\n\t\t<\/button><\/figure>\n\n\n\n<figure data-wp-context=\"{&quot;imageId&quot;:&quot;69f1893fef0b1&quot;}\" data-wp-interactive=\"core\/image\" data-wp-key=\"69f1893fef0b1\" class=\"wp-block-image size-large wp-lightbox-container\"><img loading=\"lazy\" decoding=\"async\" width=\"768\" height=\"1024\" data-wp-class--hide=\"state.isContentHidden\" data-wp-class--show=\"state.isContentVisible\" data-wp-init=\"callbacks.setButtonStyles\" data-wp-on--click=\"actions.showLightbox\" data-wp-on--load=\"callbacks.setButtonStyles\" data-wp-on-window--resize=\"callbacks.setButtonStyles\" data-id=\"1690\" src=\"https:\/\/www.laverda-lcf.fr\/wp-content\/uploads\/2025\/04\/IMG-20250405-WA0000-768x1024.jpg\" alt=\"\" class=\"wp-image-1690\" srcset=\"https:\/\/www.laverda-lcf.fr\/wp-content\/uploads\/2025\/04\/IMG-20250405-WA0000-768x1024.jpg 768w, https:\/\/www.laverda-lcf.fr\/wp-content\/uploads\/2025\/04\/IMG-20250405-WA0000-225x300.jpg 225w, https:\/\/www.laverda-lcf.fr\/wp-content\/uploads\/2025\/04\/IMG-20250405-WA0000-1152x1536.jpg 1152w, https:\/\/www.laverda-lcf.fr\/wp-content\/uploads\/2025\/04\/IMG-20250405-WA0000.jpg 1200w\" sizes=\"auto, (max-width: 768px) 100vw, 768px\" \/><button\n\t\t\tclass=\"lightbox-trigger\"\n\t\t\ttype=\"button\"\n\t\t\taria-haspopup=\"dialog\"\n\t\t\taria-label=\"Agrandir\"\n\t\t\tdata-wp-init=\"callbacks.initTriggerButton\"\n\t\t\tdata-wp-on--click=\"actions.showLightbox\"\n\t\t\tdata-wp-style--right=\"state.imageButtonRight\"\n\t\t\tdata-wp-style--top=\"state.imageButtonTop\"\n\t\t>\n\t\t\t<svg xmlns=\"http:\/\/www.w3.org\/2000\/svg\" width=\"12\" height=\"12\" fill=\"none\" viewBox=\"0 0 12 12\">\n\t\t\t\t<path fill=\"#fff\" d=\"M2 0a2 2 0 0 0-2 2v2h1.5V2a.5.5 0 0 1 .5-.5h2V0H2Zm2 10.5H2a.5.5 0 0 1-.5-.5V8H0v2a2 2 0 0 0 2 2h2v-1.5ZM8 12v-1.5h2a.5.5 0 0 0 .5-.5V8H12v2a2 2 0 0 1-2 2H8Zm2-12a2 2 0 0 1 2 2v2h-1.5V2a.5.5 0 0 0-.5-.5H8V0h2Z\" \/>\n\t\t\t<\/svg>\n\t\t<\/button><\/figure>\n<\/figure>\n\n\n\n<p class=\"has-text-align-center has-medium-font-size\">Cliquer sur l&rsquo;image pour agrandir<\/p>\n\n\n\n<p><\/p>\n","protected":false},"excerpt":{"rendered":"<p>Les 05 et 06 Avril, pour la premi\u00e8re fois depuis 21 ans, le salon R\u00e9tro Passion de Rennes consacrait un hall entier a la moto. Nous \u00e9tions une dizaine du LCF a avoir fait le d\u00e9placement. Le salon ouvre le samedi a 14 h, donc pas de temps a perdre le samedi matin pour tout &hellip; <a href=\"https:\/\/www.laverda-lcf.fr\/index.php\/2025\/04\/29\/salon-de-rennes\/\" class=\"more-link\">Continuer la lecture de <span class=\"screen-reader-text\">Salon De Rennes<\/span> <span class=\"meta-nav\">&rarr;<\/span><\/a><\/p>\n","protected":false},"author":2,"featured_media":0,"comment_status":"closed","ping_status":"","sticky":false,"template":"","format":"standard","meta":{"footnotes":""},"categories":[6,23],"tags":[],"class_list":["post-1694","post","type-post","status-publish","format-standard","hentry","category-actualite","category-souvenirs"],"_links":{"self":[{"href":"https:\/\/www.laverda-lcf.fr\/index.php\/wp-json\/wp\/v2\/posts\/1694","targetHints":{"allow":["GET"]}}],"collection":[{"href":"https:\/\/www.laverda-lcf.fr\/index.php\/wp-json\/wp\/v2\/posts"}],"about":[{"href":"https:\/\/www.laverda-lcf.fr\/index.php\/wp-json\/wp\/v2\/types\/post"}],"author":[{"embeddable":true,"href":"https:\/\/www.laverda-lcf.fr\/index.php\/wp-json\/wp\/v2\/users\/2"}],"replies":[{"embeddable":true,"href":"https:\/\/www.laverda-lcf.fr\/index.php\/wp-json\/wp\/v2\/comments?post=1694"}],"version-history":[{"count":9,"href":"https:\/\/www.laverda-lcf.fr\/index.php\/wp-json\/wp\/v2\/posts\/1694\/revisions"}],"predecessor-version":[{"id":1709,"href":"https:\/\/www.laverda-lcf.fr\/index.php\/wp-json\/wp\/v2\/posts\/1694\/revisions\/1709"}],"wp:attachment":[{"href":"https:\/\/www.laverda-lcf.fr\/index.php\/wp-json\/wp\/v2\/media?parent=1694"}],"wp:term":[{"taxonomy":"category","embeddable":true,"href":"https:\/\/www.laverda-lcf.fr\/index.php\/wp-json\/wp\/v2\/categories?post=1694"},{"taxonomy":"post_tag","embeddable":true,"href":"https:\/\/www.laverda-lcf.fr\/index.php\/wp-json\/wp\/v2\/tags?post=1694"}],"curies":[{"name":"wp","href":"https:\/\/api.w.org\/{rel}","templated":true}]}}