{"id":1597,"date":"2025-02-24T09:14:36","date_gmt":"2025-02-24T08:14:36","guid":{"rendered":"https:\/\/www.laverda-lcf.fr\/?p=1597"},"modified":"2025-05-04T15:46:32","modified_gmt":"2025-05-04T13:46:32","slug":"retro-passion-a-rennes","status":"publish","type":"post","link":"https:\/\/www.laverda-lcf.fr\/index.php\/2025\/02\/24\/retro-passion-a-rennes\/","title":{"rendered":"Retro Passion \u00e0 Rennes"},"content":{"rendered":"\n<p class=\"has-medium-font-size\">Quelques passionn\u00e9s du club exposeront une quinzaine de machines au salon <strong><a href=\"https:\/\/retro-passion-rennes.fr\/\" target=\"_blank\" rel=\"noreferrer noopener\">Retro passion<\/a><\/strong> de Rennes qui se d\u00e9roulera les 5 et 6 avril 2025.<\/p>\n\n\n\n<p class=\"has-medium-font-size\">Notre stand sera situ\u00e9 dans le Hall 7&#8230; Venez nombreux.<\/p>\n\n\n<div class=\"wp-block-image\">\n<figure class=\"aligncenter size-full\"><img loading=\"lazy\" decoding=\"async\" width=\"130\" height=\"51\" src=\"https:\/\/www.laverda-lcf.fr\/wp-content\/uploads\/2020\/12\/logo_1949.gif\" alt=\"\" class=\"wp-image-280\"\/><\/figure>\n<\/div>\n\n\n<p><\/p>\n","protected":false},"excerpt":{"rendered":"<p>Quelques passionn\u00e9s du club exposeront une quinzaine de machines au salon Retro passion de Rennes qui se d\u00e9roulera les 5 et 6 avril 2025. Notre stand sera situ\u00e9 dans le Hall 7&#8230; Venez nombreux.<\/p>\n","protected":false},"author":2,"featured_media":0,"comment_status":"closed","ping_status":"","sticky":false,"template":"","format":"standard","meta":{"footnotes":""},"categories":[23],"tags":[],"class_list":["post-1597","post","type-post","status-publish","format-standard","hentry","category-souvenirs"],"_links":{"self":[{"href":"https:\/\/www.laverda-lcf.fr\/index.php\/wp-json\/wp\/v2\/posts\/1597","targetHints":{"allow":["GET"]}}],"collection":[{"href":"https:\/\/www.laverda-lcf.fr\/index.php\/wp-json\/wp\/v2\/posts"}],"about":[{"href":"https:\/\/www.laverda-lcf.fr\/index.php\/wp-json\/wp\/v2\/types\/post"}],"author":[{"embeddable":true,"href":"https:\/\/www.laverda-lcf.fr\/index.php\/wp-json\/wp\/v2\/users\/2"}],"replies":[{"embeddable":true,"href":"https:\/\/www.laverda-lcf.fr\/index.php\/wp-json\/wp\/v2\/comments?post=1597"}],"version-history":[{"count":1,"href":"https:\/\/www.laverda-lcf.fr\/index.php\/wp-json\/wp\/v2\/posts\/1597\/revisions"}],"predecessor-version":[{"id":1598,"href":"https:\/\/www.laverda-lcf.fr\/index.php\/wp-json\/wp\/v2\/posts\/1597\/revisions\/1598"}],"wp:attachment":[{"href":"https:\/\/www.laverda-lcf.fr\/index.php\/wp-json\/wp\/v2\/media?parent=1597"}],"wp:term":[{"taxonomy":"category","embeddable":true,"href":"https:\/\/www.laverda-lcf.fr\/index.php\/wp-json\/wp\/v2\/categories?post=1597"},{"taxonomy":"post_tag","embeddable":true,"href":"https:\/\/www.laverda-lcf.fr\/index.php\/wp-json\/wp\/v2\/tags?post=1597"}],"curies":[{"name":"wp","href":"https:\/\/api.w.org\/{rel}","templated":true}]}}