{"id":1591,"date":"2025-04-29T14:20:53","date_gmt":"2025-04-29T12:20:53","guid":{"rendered":"https:\/\/www.laverda-lcf.fr\/?p=1591"},"modified":"2025-08-15T15:25:29","modified_gmt":"2025-08-15T13:25:29","slug":"rassemblement-2025","status":"publish","type":"post","link":"https:\/\/www.laverda-lcf.fr\/index.php\/2025\/04\/29\/rassemblement-2025\/","title":{"rendered":"Rassemblement 2025"},"content":{"rendered":"\n<p class=\"has-medium-font-size\">Le rassemblement 2025 se d\u00e9roulera du 13 au 15 juin 2025 \u00e0 Lezay dans les deux S\u00e8vres au g\u00eete \u00ab\u00a0le Loup Garou\u00a0\u00bb ( <a href=\"https:\/\/www.loup-garou.fr\/\" target=\"_blank\" rel=\"noreferrer noopener\"><strong>https:\/\/www.loup-garou.fr\/<\/strong><\/a>)<\/p>\n\n\n\n<figure class=\"wp-block-image size-full\"><img loading=\"lazy\" decoding=\"async\" width=\"647\" height=\"907\" src=\"https:\/\/www.laverda-lcf.fr\/wp-content\/uploads\/2025\/02\/affiche-rassemblement-2025-bis-2.jpg\" alt=\"\" class=\"wp-image-1609\" srcset=\"https:\/\/www.laverda-lcf.fr\/wp-content\/uploads\/2025\/02\/affiche-rassemblement-2025-bis-2.jpg 647w, https:\/\/www.laverda-lcf.fr\/wp-content\/uploads\/2025\/02\/affiche-rassemblement-2025-bis-2-214x300.jpg 214w\" sizes=\"auto, (max-width: 647px) 100vw, 647px\" \/><\/figure>\n\n\n\n<p class=\"has-medium-font-size\">Pour tout renseignement, contacter <strong><a href=\"https:\/\/www.laverda-lcf.fr\/wp-content\/uploads\/2021\/03\/carte-de-visite-president.jpg\" target=\"_blank\" rel=\"noreferrer noopener\">Denis<\/a><\/strong> <\/p>\n\n\n\n<p class=\"has-medium-font-size\">Cliquer sur le lien ci-dessous pour obtenir le bulletin d&rsquo;inscription <\/p>\n\n\n\n<div class=\"wp-block-buttons is-layout-flex wp-block-buttons-is-layout-flex\">\n<div class=\"wp-block-button\"><a class=\"wp-block-button__link wp-element-button\" href=\"https:\/\/www.laverda-lcf.fr\/wp-content\/uploads\/2025\/02\/Buletin-inscription-Lezay-PDF.pdf\" target=\"_blank\" rel=\"noreferrer noopener\">T\u00e9l\u00e9charger <\/a><\/div>\n<\/div>\n\n\n\n<p class=\"has-text-align-right has-medium-font-size\">En avant premi\u00e8re&#8230;. <a href=\"https:\/\/www.laverda-lcf.fr\/index.php\/2025\/02\/25\/rassemblement-lezay-2025-en-avant-premiere\/\"><strong>Le marais poitevin<\/strong><\/a><\/p>\n\n\n\n<p><\/p>\n","protected":false},"excerpt":{"rendered":"<p>Le rassemblement 2025 se d\u00e9roulera du 13 au 15 juin 2025 \u00e0 Lezay dans les deux S\u00e8vres au g\u00eete \u00ab\u00a0le Loup Garou\u00a0\u00bb ( https:\/\/www.loup-garou.fr\/) Pour tout renseignement, contacter Denis Cliquer sur le lien ci-dessous pour obtenir le bulletin d&rsquo;inscription En avant premi\u00e8re&#8230;. Le marais poitevin<\/p>\n","protected":false},"author":2,"featured_media":0,"comment_status":"closed","ping_status":"","sticky":false,"template":"","format":"standard","meta":{"footnotes":""},"categories":[23],"tags":[],"class_list":["post-1591","post","type-post","status-publish","format-standard","hentry","category-souvenirs"],"_links":{"self":[{"href":"https:\/\/www.laverda-lcf.fr\/index.php\/wp-json\/wp\/v2\/posts\/1591","targetHints":{"allow":["GET"]}}],"collection":[{"href":"https:\/\/www.laverda-lcf.fr\/index.php\/wp-json\/wp\/v2\/posts"}],"about":[{"href":"https:\/\/www.laverda-lcf.fr\/index.php\/wp-json\/wp\/v2\/types\/post"}],"author":[{"embeddable":true,"href":"https:\/\/www.laverda-lcf.fr\/index.php\/wp-json\/wp\/v2\/users\/2"}],"replies":[{"embeddable":true,"href":"https:\/\/www.laverda-lcf.fr\/index.php\/wp-json\/wp\/v2\/comments?post=1591"}],"version-history":[{"count":10,"href":"https:\/\/www.laverda-lcf.fr\/index.php\/wp-json\/wp\/v2\/posts\/1591\/revisions"}],"predecessor-version":[{"id":1630,"href":"https:\/\/www.laverda-lcf.fr\/index.php\/wp-json\/wp\/v2\/posts\/1591\/revisions\/1630"}],"wp:attachment":[{"href":"https:\/\/www.laverda-lcf.fr\/index.php\/wp-json\/wp\/v2\/media?parent=1591"}],"wp:term":[{"taxonomy":"category","embeddable":true,"href":"https:\/\/www.laverda-lcf.fr\/index.php\/wp-json\/wp\/v2\/categories?post=1591"},{"taxonomy":"post_tag","embeddable":true,"href":"https:\/\/www.laverda-lcf.fr\/index.php\/wp-json\/wp\/v2\/tags?post=1591"}],"curies":[{"name":"wp","href":"https:\/\/api.w.org\/{rel}","templated":true}]}}