{"id":1584,"date":"2025-02-25T08:16:00","date_gmt":"2025-02-25T07:16:00","guid":{"rendered":"https:\/\/www.laverda-lcf.fr\/?p=1584"},"modified":"2025-02-25T08:16:18","modified_gmt":"2025-02-25T07:16:18","slug":"ag-2025","status":"publish","type":"post","link":"https:\/\/www.laverda-lcf.fr\/index.php\/2025\/02\/25\/ag-2025\/","title":{"rendered":"AG 2025"},"content":{"rendered":"\n<p class=\"has-medium-font-size\">L&rsquo;assembl\u00e9e g\u00e9n\u00e9rale du LCF s&rsquo;est d\u00e9roul\u00e9e samedi 22 f\u00e9vrier  apr\u00e8s midi  \u00e0 Saxi Bourdon. Une trentaine de membres ont assist\u00e9 \u00e0 l&rsquo;\u00e9v\u00e8nement orchestr\u00e9 par notre pr\u00e9sident Denis Cahier assist\u00e9 par Pascale Baelen (secr\u00e9taire) et Jean Michel Pisano (tr\u00e9sorier).<\/p>\n\n\n\n<figure class=\"wp-block-image size-large\"><img loading=\"lazy\" decoding=\"async\" width=\"1024\" height=\"461\" src=\"https:\/\/www.laverda-lcf.fr\/wp-content\/uploads\/2025\/02\/AG-2025-1-1024x461.jpg\" alt=\"\" class=\"wp-image-1566\" srcset=\"https:\/\/www.laverda-lcf.fr\/wp-content\/uploads\/2025\/02\/AG-2025-1-1024x461.jpg 1024w, https:\/\/www.laverda-lcf.fr\/wp-content\/uploads\/2025\/02\/AG-2025-1-300x135.jpg 300w, https:\/\/www.laverda-lcf.fr\/wp-content\/uploads\/2025\/02\/AG-2025-1-768x346.jpg 768w, https:\/\/www.laverda-lcf.fr\/wp-content\/uploads\/2025\/02\/AG-2025-1-1536x691.jpg 1536w, https:\/\/www.laverda-lcf.fr\/wp-content\/uploads\/2025\/02\/AG-2025-1.jpg 1600w\" sizes=\"auto, (max-width: 1024px) 100vw, 1024px\" \/><\/figure>\n\n\n\n<p class=\"has-medium-font-size\">Les d\u00e9tails des d\u00e9bats qui furent tr\u00e8s anim\u00e9s et les d\u00e9cisions prises vous seront d\u00e9taill\u00e9s dans le compte rendu que notre secr\u00e9taire vous enverra bient\u00f4t.<\/p>\n\n\n\n<p class=\"has-medium-font-size\">Lors de cette assembl\u00e9e g\u00e9n\u00e9rale, Philippe Cornillot a pass\u00e9 la main \u00e0 Jean Marc Tricoire apr\u00e8s de nombreuses ann\u00e9es de bons et loyaux services. A cette occasion, le bureau a tenu a lui rendre hommage en lui remettant un petit cadeau&#8230;<\/p>\n\n\n\n<figure class=\"wp-block-image size-full\"><img loading=\"lazy\" decoding=\"async\" width=\"800\" height=\"600\" src=\"https:\/\/www.laverda-lcf.fr\/wp-content\/uploads\/2025\/02\/cadeau-philippe-1.jpg\" alt=\"\" class=\"wp-image-1567\" srcset=\"https:\/\/www.laverda-lcf.fr\/wp-content\/uploads\/2025\/02\/cadeau-philippe-1.jpg 800w, https:\/\/www.laverda-lcf.fr\/wp-content\/uploads\/2025\/02\/cadeau-philippe-1-300x225.jpg 300w, https:\/\/www.laverda-lcf.fr\/wp-content\/uploads\/2025\/02\/cadeau-philippe-1-768x576.jpg 768w\" sizes=\"auto, (max-width: 800px) 100vw, 800px\" \/><\/figure>\n\n\n\n<p class=\"has-text-align-center has-medium-font-size\">De quoi s&rsquo;agit-il??<\/p>\n\n\n\n<figure class=\"wp-block-image size-full\"><img loading=\"lazy\" decoding=\"async\" width=\"800\" height=\"600\" src=\"https:\/\/www.laverda-lcf.fr\/wp-content\/uploads\/2025\/02\/cadeau-philippe-2.jpg\" alt=\"\" class=\"wp-image-1568\" srcset=\"https:\/\/www.laverda-lcf.fr\/wp-content\/uploads\/2025\/02\/cadeau-philippe-2.jpg 800w, https:\/\/www.laverda-lcf.fr\/wp-content\/uploads\/2025\/02\/cadeau-philippe-2-300x225.jpg 300w, https:\/\/www.laverda-lcf.fr\/wp-content\/uploads\/2025\/02\/cadeau-philippe-2-768x576.jpg 768w\" sizes=\"auto, (max-width: 800px) 100vw, 800px\" \/><\/figure>\n\n\n\n<p class=\"has-text-align-center has-medium-font-size\">encore une Laverda !!!<\/p>\n\n\n\n<figure class=\"wp-block-image size-full\"><img loading=\"lazy\" decoding=\"async\" width=\"720\" height=\"753\" src=\"https:\/\/www.laverda-lcf.fr\/wp-content\/uploads\/2025\/02\/cadeau-philippe-3.jpg\" alt=\"\" class=\"wp-image-1569\" srcset=\"https:\/\/www.laverda-lcf.fr\/wp-content\/uploads\/2025\/02\/cadeau-philippe-3.jpg 720w, https:\/\/www.laverda-lcf.fr\/wp-content\/uploads\/2025\/02\/cadeau-philippe-3-287x300.jpg 287w\" sizes=\"auto, (max-width: 720px) 100vw, 720px\" \/><\/figure>\n\n\n\n<p class=\"has-medium-font-size\">Oui mais c&rsquo;est la num\u00e9ro 38.. c&rsquo;est bien la sienne!.. et magnifiquement r\u00e9alis\u00e9e par son successeur &#8230;.Jean Marc Tricoire !<\/p>\n\n\n\n<figure class=\"wp-block-image size-full\"><img loading=\"lazy\" decoding=\"async\" width=\"800\" height=\"828\" src=\"https:\/\/www.laverda-lcf.fr\/wp-content\/uploads\/2025\/02\/jean-marc-tricoire-1.jpg\" alt=\"\" class=\"wp-image-1570\" srcset=\"https:\/\/www.laverda-lcf.fr\/wp-content\/uploads\/2025\/02\/jean-marc-tricoire-1.jpg 800w, https:\/\/www.laverda-lcf.fr\/wp-content\/uploads\/2025\/02\/jean-marc-tricoire-1-290x300.jpg 290w, https:\/\/www.laverda-lcf.fr\/wp-content\/uploads\/2025\/02\/jean-marc-tricoire-1-768x795.jpg 768w\" sizes=\"auto, (max-width: 800px) 100vw, 800px\" \/><\/figure>\n\n\n\n<p class=\"has-medium-font-size\">Bon courage dans ta nouvelle fonction Jean Marc&#8230;<\/p>\n\n\n\n<p class=\"has-medium-font-size\">Et bien s\u00fbr, la soir\u00e9e s&rsquo;est termin\u00e9e avec de joyeuses agapes&#8230;  et tant pis pour les absents!<\/p>\n\n\n\n<figure class=\"wp-block-gallery has-nested-images columns-default is-cropped wp-block-gallery-1 is-layout-flex wp-block-gallery-is-layout-flex\">\n<figure class=\"wp-block-image size-large\"><img loading=\"lazy\" decoding=\"async\" width=\"1024\" height=\"461\" data-id=\"1586\" src=\"https:\/\/www.laverda-lcf.fr\/wp-content\/uploads\/2025\/02\/repas-ag-2025-1024x461.jpg\" alt=\"\" class=\"wp-image-1586\" srcset=\"https:\/\/www.laverda-lcf.fr\/wp-content\/uploads\/2025\/02\/repas-ag-2025-1024x461.jpg 1024w, https:\/\/www.laverda-lcf.fr\/wp-content\/uploads\/2025\/02\/repas-ag-2025-300x135.jpg 300w, https:\/\/www.laverda-lcf.fr\/wp-content\/uploads\/2025\/02\/repas-ag-2025-768x346.jpg 768w, https:\/\/www.laverda-lcf.fr\/wp-content\/uploads\/2025\/02\/repas-ag-2025-1536x691.jpg 1536w, https:\/\/www.laverda-lcf.fr\/wp-content\/uploads\/2025\/02\/repas-ag-2025.jpg 1600w\" sizes=\"auto, (max-width: 1024px) 100vw, 1024px\" \/><\/figure>\n<\/figure>\n\n\n\n<p class=\"has-text-align-right has-medium-font-size\">A bient\u00f4t .. peut \u00eatre au salon <a href=\"https:\/\/www.laverda-lcf.fr\/index.php\/2025\/02\/24\/retro-passion-a-rennes\/\" target=\"_blank\" rel=\"noreferrer noopener\"><strong>Retro Passion<\/strong> <\/a>de Rennes..<\/p>\n\n\n\n<p class=\"has-text-align-right has-medium-font-size\">&#8230; S\u00fbrement au <strong><a href=\"https:\/\/www.laverda-lcf.fr\/index.php\/2025\/02\/24\/rassemblement-2025\/\" target=\"_blank\" rel=\"noreferrer noopener\">rassemblement!<\/a><\/strong><\/p>\n\n\n\n<p><\/p>\n","protected":false},"excerpt":{"rendered":"<p>L&rsquo;assembl\u00e9e g\u00e9n\u00e9rale du LCF s&rsquo;est d\u00e9roul\u00e9e samedi 22 f\u00e9vrier apr\u00e8s midi \u00e0 Saxi Bourdon. Une trentaine de membres ont assist\u00e9 \u00e0 l&rsquo;\u00e9v\u00e8nement orchestr\u00e9 par notre pr\u00e9sident Denis Cahier assist\u00e9 par Pascale Baelen (secr\u00e9taire) et Jean Michel Pisano (tr\u00e9sorier). Les d\u00e9tails des d\u00e9bats qui furent tr\u00e8s anim\u00e9s et les d\u00e9cisions prises vous seront d\u00e9taill\u00e9s dans le &hellip; <a href=\"https:\/\/www.laverda-lcf.fr\/index.php\/2025\/02\/25\/ag-2025\/\" class=\"more-link\">Continuer la lecture de <span class=\"screen-reader-text\">AG 2025<\/span> <span class=\"meta-nav\">&rarr;<\/span><\/a><\/p>\n","protected":false},"author":2,"featured_media":0,"comment_status":"closed","ping_status":"","sticky":false,"template":"","format":"standard","meta":{"footnotes":""},"categories":[6,23],"tags":[],"class_list":["post-1584","post","type-post","status-publish","format-standard","hentry","category-actualite","category-souvenirs"],"_links":{"self":[{"href":"https:\/\/www.laverda-lcf.fr\/index.php\/wp-json\/wp\/v2\/posts\/1584","targetHints":{"allow":["GET"]}}],"collection":[{"href":"https:\/\/www.laverda-lcf.fr\/index.php\/wp-json\/wp\/v2\/posts"}],"about":[{"href":"https:\/\/www.laverda-lcf.fr\/index.php\/wp-json\/wp\/v2\/types\/post"}],"author":[{"embeddable":true,"href":"https:\/\/www.laverda-lcf.fr\/index.php\/wp-json\/wp\/v2\/users\/2"}],"replies":[{"embeddable":true,"href":"https:\/\/www.laverda-lcf.fr\/index.php\/wp-json\/wp\/v2\/comments?post=1584"}],"version-history":[{"count":8,"href":"https:\/\/www.laverda-lcf.fr\/index.php\/wp-json\/wp\/v2\/posts\/1584\/revisions"}],"predecessor-version":[{"id":1604,"href":"https:\/\/www.laverda-lcf.fr\/index.php\/wp-json\/wp\/v2\/posts\/1584\/revisions\/1604"}],"wp:attachment":[{"href":"https:\/\/www.laverda-lcf.fr\/index.php\/wp-json\/wp\/v2\/media?parent=1584"}],"wp:term":[{"taxonomy":"category","embeddable":true,"href":"https:\/\/www.laverda-lcf.fr\/index.php\/wp-json\/wp\/v2\/categories?post=1584"},{"taxonomy":"post_tag","embeddable":true,"href":"https:\/\/www.laverda-lcf.fr\/index.php\/wp-json\/wp\/v2\/tags?post=1584"}],"curies":[{"name":"wp","href":"https:\/\/api.w.org\/{rel}","templated":true}]}}