{"id":1560,"date":"2025-01-17T09:48:52","date_gmt":"2025-01-17T08:48:52","guid":{"rendered":"https:\/\/www.laverda-lcf.fr\/?p=1560"},"modified":"2025-01-17T09:48:52","modified_gmt":"2025-01-17T08:48:52","slug":"qdn-01-2025","status":"publish","type":"post","link":"https:\/\/www.laverda-lcf.fr\/index.php\/2025\/01\/17\/qdn-01-2025\/","title":{"rendered":"QDN 01\/2025"},"content":{"rendered":"\n<p>Bonjour a vous tous ,je vous souhaite une bonne ann\u00e9e ,sant\u00e9 pour 2025<\/p>\n\n\n\n<p>voici le premier QDN 2025<\/p>\n\n\n\n<p>Bonne lecture<\/p>\n\n\n\n<p><strong>Boutique.<\/strong><\/p>\n\n\n\n<p>&#8211; Nous projetons de faire des ceintures avec boucle logo Laverda, cuir orange ou bleu au choix.<\/p>\n\n\n\n<p>Pour \u00e9viter d&rsquo;avoir un stock pendant 10 ans cela sur pr\u00e9commande. Il faut un minimum de 15 pi\u00e8ces.<\/p>\n\n\n\n<p>Le prix serait de 45,00 \u20ac pour les membres du club, 50,00 \u20ac hors club plus port \u00e9videment.<\/p>\n\n\n\n<p>&#8211; il a \u00e9t\u00e9 demand\u00e9 un refabrication de gilet polaire, les anciens ont 10 ans et commencent a \u00eatre us\u00e9s, qui serait int\u00e9ress\u00e9 ?<\/p>\n\n\n\n<p>&#8211; Sondage: Avez vous une id\u00e9e ou une envie pour la boutique ?&nbsp;<\/p>\n\n\n\n<p><strong>Salon de Rennes.<\/strong><\/p>\n\n\n\n<p>Nous sommes 6 a participer au salon de Rennes les 05 et 06 Avril.<\/p>\n\n\n\n<p>Si vous voulez vous joindre a nous, merci de pr\u00e9venir rapidement pour l&rsquo;organisation.<\/p>\n\n\n\n<p><strong>AG<\/strong><\/p>\n\n\n\n<p>Pour les retardataires, notre AG c&rsquo;est bient\u00f4t, les 22 et 23 F\u00e9vrier. Il n&rsquo;est pas trop tard pour s&rsquo;inscrire.<\/p>\n\n\n\n<p>Les postes de tr\u00e9sorier et vice-pr\u00e9sident sont a pourvoir, posez votre candidature .<\/p>\n\n\n\n<p>Pour les pr\u00e9commandes de ceintures et les id\u00e9es, me contacter.<\/p>\n\n\n\n<p>Merci et a bient\u00f4t.<\/p>\n\n\n\n<p>Denis Cahier. Pr\u00e9sident du Laverda club de France.<\/p>\n\n\n\n<p>59 La Charbonnerie 44430 Le Loroux-Bottereau+33 06 86 68 22 92&nbsp;<a href=\"mailto:db.650ghost@orange.fr\" target=\"_blank\" rel=\"noreferrer noopener\">db.650ghost@orange.fr<\/a><\/p>\n\n\n\n<p><a href=\"http:\/\/www.laverda-lcf.fr\/\" target=\"_blank\" rel=\"noreferrer noopener\">www.laverda-lcf.fr<\/a><\/p>\n\n\n\n\n\n<div data-wp-interactive=\"core\/file\" class=\"wp-block-file\"><object data-wp-bind--hidden=\"!state.hasPdfPreview\" hidden class=\"wp-block-file__embed\" data=\"https:\/\/www.laverda-lcf.fr\/wp-content\/uploads\/2025\/01\/CONVOCATION-AG-2025-papier-en-tete-1.pdf\" type=\"application\/pdf\" style=\"width:100%;height:600px\" aria-label=\"Contenu embarqu\u00e9 CONVOCATION AG 2025 papier en t\u00eate (1).\"><\/object><a id=\"wp-block-file--media-e57c087f-374f-4051-9f7c-8a8437f262de\" href=\"https:\/\/www.laverda-lcf.fr\/wp-content\/uploads\/2025\/01\/CONVOCATION-AG-2025-papier-en-tete-1.pdf\">CONVOCATION AG 2025 papier en t\u00eate (1)<\/a><a href=\"https:\/\/www.laverda-lcf.fr\/wp-content\/uploads\/2025\/01\/CONVOCATION-AG-2025-papier-en-tete-1.pdf\" class=\"wp-block-file__button wp-element-button\" download aria-describedby=\"wp-block-file--media-e57c087f-374f-4051-9f7c-8a8437f262de\">T\u00e9l\u00e9charger<\/a><\/div>\n","protected":false},"excerpt":{"rendered":"<p>Bonjour a vous tous ,je vous souhaite une bonne ann\u00e9e ,sant\u00e9 pour 2025 voici le premier QDN 2025 Bonne lecture Boutique. &#8211; Nous projetons de faire des ceintures avec boucle logo Laverda, cuir orange ou bleu au choix. Pour \u00e9viter d&rsquo;avoir un stock pendant 10 ans cela sur pr\u00e9commande. Il faut un minimum de 15 &hellip; <a href=\"https:\/\/www.laverda-lcf.fr\/index.php\/2025\/01\/17\/qdn-01-2025\/\" class=\"more-link\">Continuer la lecture de <span class=\"screen-reader-text\">QDN 01\/2025<\/span> <span class=\"meta-nav\">&rarr;<\/span><\/a><\/p>\n","protected":false},"author":4,"featured_media":0,"comment_status":"closed","ping_status":"","sticky":false,"template":"","format":"standard","meta":{"footnotes":""},"categories":[1],"tags":[],"class_list":["post-1560","post","type-post","status-publish","format-standard","hentry","category-non-classe"],"_links":{"self":[{"href":"https:\/\/www.laverda-lcf.fr\/index.php\/wp-json\/wp\/v2\/posts\/1560","targetHints":{"allow":["GET"]}}],"collection":[{"href":"https:\/\/www.laverda-lcf.fr\/index.php\/wp-json\/wp\/v2\/posts"}],"about":[{"href":"https:\/\/www.laverda-lcf.fr\/index.php\/wp-json\/wp\/v2\/types\/post"}],"author":[{"embeddable":true,"href":"https:\/\/www.laverda-lcf.fr\/index.php\/wp-json\/wp\/v2\/users\/4"}],"replies":[{"embeddable":true,"href":"https:\/\/www.laverda-lcf.fr\/index.php\/wp-json\/wp\/v2\/comments?post=1560"}],"version-history":[{"count":1,"href":"https:\/\/www.laverda-lcf.fr\/index.php\/wp-json\/wp\/v2\/posts\/1560\/revisions"}],"predecessor-version":[{"id":1562,"href":"https:\/\/www.laverda-lcf.fr\/index.php\/wp-json\/wp\/v2\/posts\/1560\/revisions\/1562"}],"wp:attachment":[{"href":"https:\/\/www.laverda-lcf.fr\/index.php\/wp-json\/wp\/v2\/media?parent=1560"}],"wp:term":[{"taxonomy":"category","embeddable":true,"href":"https:\/\/www.laverda-lcf.fr\/index.php\/wp-json\/wp\/v2\/categories?post=1560"},{"taxonomy":"post_tag","embeddable":true,"href":"https:\/\/www.laverda-lcf.fr\/index.php\/wp-json\/wp\/v2\/tags?post=1560"}],"curies":[{"name":"wp","href":"https:\/\/api.w.org\/{rel}","templated":true}]}}