{"id":1423,"date":"2024-03-18T10:35:00","date_gmt":"2024-03-18T09:35:00","guid":{"rendered":"https:\/\/www.laverda-lcf.fr\/?p=1423"},"modified":"2024-03-18T10:35:22","modified_gmt":"2024-03-18T09:35:22","slug":"salon-du-2-roues-de-lyon","status":"publish","type":"post","link":"https:\/\/www.laverda-lcf.fr\/index.php\/2024\/03\/18\/salon-du-2-roues-de-lyon\/","title":{"rendered":"Salon du 2 roues de Lyon"},"content":{"rendered":"\n<p class=\"has-medium-font-size\">Le d\u00e9sormais traditionnel salon du 2 roues de Lyon  s&rsquo;est d\u00e9roul\u00e9 du 7 au 10 mars 2024. Le Laverda club de France a partag\u00e9 avec l&rsquo;\u00e9quipe de Laverdamania un stand o\u00f9 ont \u00e9t\u00e9 expos\u00e9es une trentaine de Laverda. <\/p>\n\n\n\n<figure class=\"wp-block-image size-full\"><img loading=\"lazy\" decoding=\"async\" width=\"800\" height=\"370\" src=\"https:\/\/www.laverda-lcf.fr\/wp-content\/uploads\/2024\/03\/lyon-2024-1.jpg\" alt=\"\" class=\"wp-image-1435\" srcset=\"https:\/\/www.laverda-lcf.fr\/wp-content\/uploads\/2024\/03\/lyon-2024-1.jpg 800w, https:\/\/www.laverda-lcf.fr\/wp-content\/uploads\/2024\/03\/lyon-2024-1-300x139.jpg 300w, https:\/\/www.laverda-lcf.fr\/wp-content\/uploads\/2024\/03\/lyon-2024-1-768x355.jpg 768w\" sizes=\"auto, (max-width: 800px) 100vw, 800px\" \/><\/figure>\n\n\n\n<figure class=\"wp-block-image size-full\"><img loading=\"lazy\" decoding=\"async\" width=\"800\" height=\"370\" src=\"https:\/\/www.laverda-lcf.fr\/wp-content\/uploads\/2024\/03\/lyon-2024-02.jpg\" alt=\"\" class=\"wp-image-1436\" srcset=\"https:\/\/www.laverda-lcf.fr\/wp-content\/uploads\/2024\/03\/lyon-2024-02.jpg 800w, https:\/\/www.laverda-lcf.fr\/wp-content\/uploads\/2024\/03\/lyon-2024-02-300x139.jpg 300w, https:\/\/www.laverda-lcf.fr\/wp-content\/uploads\/2024\/03\/lyon-2024-02-768x355.jpg 768w\" sizes=\"auto, (max-width: 800px) 100vw, 800px\" \/><\/figure>\n\n\n<div class=\"wp-block-image\">\n<figure class=\"aligncenter size-full\"><img loading=\"lazy\" decoding=\"async\" width=\"320\" height=\"320\" src=\"https:\/\/www.laverda-lcf.fr\/wp-content\/uploads\/2024\/02\/salon-du-deux-roues-de-Lyon-2024.jpg\" alt=\"\" class=\"wp-image-1422\" srcset=\"https:\/\/www.laverda-lcf.fr\/wp-content\/uploads\/2024\/02\/salon-du-deux-roues-de-Lyon-2024.jpg 320w, https:\/\/www.laverda-lcf.fr\/wp-content\/uploads\/2024\/02\/salon-du-deux-roues-de-Lyon-2024-300x300.jpg 300w, https:\/\/www.laverda-lcf.fr\/wp-content\/uploads\/2024\/02\/salon-du-deux-roues-de-Lyon-2024-150x150.jpg 150w\" sizes=\"auto, (max-width: 320px) 100vw, 320px\" \/><\/figure>\n<\/div>\n\n\n<p class=\"has-medium-font-size\"><strong><a href=\"http:\/\/www.salondu2roues.com\" target=\"_blank\" rel=\"noreferrer noopener\">www.salondu2roues.com<\/a><\/strong><\/p>\n\n\n\n\n\n\n\n\n\n\n\n\n","protected":false},"excerpt":{"rendered":"<p>Le d\u00e9sormais traditionnel salon du 2 roues de Lyon s&rsquo;est d\u00e9roul\u00e9 du 7 au 10 mars 2024. Le Laverda club de France a partag\u00e9 avec l&rsquo;\u00e9quipe de Laverdamania un stand o\u00f9 ont \u00e9t\u00e9 expos\u00e9es une trentaine de Laverda. www.salondu2roues.com<\/p>\n","protected":false},"author":2,"featured_media":0,"comment_status":"closed","ping_status":"","sticky":false,"template":"","format":"standard","meta":{"footnotes":""},"categories":[21,23],"tags":[],"class_list":["post-1423","post","type-post","status-publish","format-standard","hentry","category-evenements","category-souvenirs"],"_links":{"self":[{"href":"https:\/\/www.laverda-lcf.fr\/index.php\/wp-json\/wp\/v2\/posts\/1423","targetHints":{"allow":["GET"]}}],"collection":[{"href":"https:\/\/www.laverda-lcf.fr\/index.php\/wp-json\/wp\/v2\/posts"}],"about":[{"href":"https:\/\/www.laverda-lcf.fr\/index.php\/wp-json\/wp\/v2\/types\/post"}],"author":[{"embeddable":true,"href":"https:\/\/www.laverda-lcf.fr\/index.php\/wp-json\/wp\/v2\/users\/2"}],"replies":[{"embeddable":true,"href":"https:\/\/www.laverda-lcf.fr\/index.php\/wp-json\/wp\/v2\/comments?post=1423"}],"version-history":[{"count":4,"href":"https:\/\/www.laverda-lcf.fr\/index.php\/wp-json\/wp\/v2\/posts\/1423\/revisions"}],"predecessor-version":[{"id":1434,"href":"https:\/\/www.laverda-lcf.fr\/index.php\/wp-json\/wp\/v2\/posts\/1423\/revisions\/1434"}],"wp:attachment":[{"href":"https:\/\/www.laverda-lcf.fr\/index.php\/wp-json\/wp\/v2\/media?parent=1423"}],"wp:term":[{"taxonomy":"category","embeddable":true,"href":"https:\/\/www.laverda-lcf.fr\/index.php\/wp-json\/wp\/v2\/categories?post=1423"},{"taxonomy":"post_tag","embeddable":true,"href":"https:\/\/www.laverda-lcf.fr\/index.php\/wp-json\/wp\/v2\/tags?post=1423"}],"curies":[{"name":"wp","href":"https:\/\/api.w.org\/{rel}","templated":true}]}}