{"id":1419,"date":"2024-03-30T10:36:00","date_gmt":"2024-03-30T09:36:00","guid":{"rendered":"https:\/\/www.laverda-lcf.fr\/?p=1419"},"modified":"2024-12-02T10:08:47","modified_gmt":"2024-12-02T09:08:47","slug":"rassemblement-2024","status":"publish","type":"post","link":"https:\/\/www.laverda-lcf.fr\/index.php\/2024\/03\/30\/rassemblement-2024\/","title":{"rendered":"Rassemblement 2024"},"content":{"rendered":"\n<p class=\"has-medium-font-size\">Le 25\u00e8me rassemblement du Laverda club de France se d\u00e9roulera du 23 au 25 juin 2024 \u00e0 Montgr\u00e9leix dans le Cantal au <strong><a href=\"http:\/\/www.lac-estives.com\" target=\"_blank\" rel=\"noreferrer noopener\">domaine du lac des estives.<\/a><\/strong><\/p>\n\n\n\n<p><\/p>\n\n\n\n<p class=\"has-medium-font-size\"><strong>Attention <\/strong>: Les inscriptions devront se faire imp\u00e9rativement avant le<strong> 1er mai 2024<\/strong>.  <\/p>\n\n\n\n<figure class=\"wp-block-image size-large\"><img loading=\"lazy\" decoding=\"async\" width=\"738\" height=\"1024\" src=\"https:\/\/www.laverda-lcf.fr\/wp-content\/uploads\/2024\/03\/Affiche-LCF-2024-small-738x1024.jpg\" alt=\"\" class=\"wp-image-1430\" srcset=\"https:\/\/www.laverda-lcf.fr\/wp-content\/uploads\/2024\/03\/Affiche-LCF-2024-small-738x1024.jpg 738w, https:\/\/www.laverda-lcf.fr\/wp-content\/uploads\/2024\/03\/Affiche-LCF-2024-small-216x300.jpg 216w, https:\/\/www.laverda-lcf.fr\/wp-content\/uploads\/2024\/03\/Affiche-LCF-2024-small-768x1066.jpg 768w, https:\/\/www.laverda-lcf.fr\/wp-content\/uploads\/2024\/03\/Affiche-LCF-2024-small.jpg 800w\" sizes=\"auto, (max-width: 738px) 100vw, 738px\" \/><\/figure>\n","protected":false},"excerpt":{"rendered":"<p>Le 25\u00e8me rassemblement du Laverda club de France se d\u00e9roulera du 23 au 25 juin 2024 \u00e0 Montgr\u00e9leix dans le Cantal au domaine du lac des estives. Attention : Les inscriptions devront se faire imp\u00e9rativement avant le 1er mai 2024.<\/p>\n","protected":false},"author":2,"featured_media":0,"comment_status":"closed","ping_status":"","sticky":true,"template":"","format":"standard","meta":{"footnotes":""},"categories":[6,21,23],"tags":[],"class_list":["post-1419","post","type-post","status-publish","format-standard","hentry","category-actualite","category-evenements","category-souvenirs"],"_links":{"self":[{"href":"https:\/\/www.laverda-lcf.fr\/index.php\/wp-json\/wp\/v2\/posts\/1419","targetHints":{"allow":["GET"]}}],"collection":[{"href":"https:\/\/www.laverda-lcf.fr\/index.php\/wp-json\/wp\/v2\/posts"}],"about":[{"href":"https:\/\/www.laverda-lcf.fr\/index.php\/wp-json\/wp\/v2\/types\/post"}],"author":[{"embeddable":true,"href":"https:\/\/www.laverda-lcf.fr\/index.php\/wp-json\/wp\/v2\/users\/2"}],"replies":[{"embeddable":true,"href":"https:\/\/www.laverda-lcf.fr\/index.php\/wp-json\/wp\/v2\/comments?post=1419"}],"version-history":[{"count":4,"href":"https:\/\/www.laverda-lcf.fr\/index.php\/wp-json\/wp\/v2\/posts\/1419\/revisions"}],"predecessor-version":[{"id":1541,"href":"https:\/\/www.laverda-lcf.fr\/index.php\/wp-json\/wp\/v2\/posts\/1419\/revisions\/1541"}],"wp:attachment":[{"href":"https:\/\/www.laverda-lcf.fr\/index.php\/wp-json\/wp\/v2\/media?parent=1419"}],"wp:term":[{"taxonomy":"category","embeddable":true,"href":"https:\/\/www.laverda-lcf.fr\/index.php\/wp-json\/wp\/v2\/categories?post=1419"},{"taxonomy":"post_tag","embeddable":true,"href":"https:\/\/www.laverda-lcf.fr\/index.php\/wp-json\/wp\/v2\/tags?post=1419"}],"curies":[{"name":"wp","href":"https:\/\/api.w.org\/{rel}","templated":true}]}}