{"id":1344,"date":"2023-10-09T10:09:02","date_gmt":"2023-10-09T08:09:02","guid":{"rendered":"https:\/\/www.laverda-lcf.fr\/?p=1344"},"modified":"2023-10-09T10:09:02","modified_gmt":"2023-10-09T08:09:02","slug":"qdn05-23","status":"publish","type":"post","link":"https:\/\/www.laverda-lcf.fr\/index.php\/2023\/10\/09\/qdn05-23\/","title":{"rendered":"QDN05\/23"},"content":{"rendered":"\n<p>Bonjour <\/p>\n\n\n\n<p>Petite info<\/p>\n\n\n\n<p>JLO Tech sera ferm\u00e9 pour vacances du 27:10 au 16:11:2023<\/p>\n\n\n\n<p>Contacter Jean Louis avant pour les commandes urgentes.<\/p>\n\n\n\n<p><\/p>\n\n\n\n<p>Voici qu&rsquo;elle que dates importantes pour l&rsquo;ann\u00e9e 2024<\/p>\n\n\n\n<p>2024 s&rsquo;annonce charg\u00e9e.<\/p>\n\n\n\n<p>&#8211; AG du LCF les 03 et 04 F\u00e9vrier, le formulaire d&rsquo;inscription vous sera envoy\u00e9 prochainement.<\/p>\n\n\n\n<p>&#8211; Salon de Lyon du 07 au 10\/03 en partenariat avec Laverdamania pour limiter les frais.<\/p>\n\n\n\n<p>&#8211; Troph\u00e9e Moudurier (Benelli) les 25 et 26 Mai.<\/p>\n\n\n\n<p>&#8211; Rassemblement LCF du 21 au 23 Juin, plus de d\u00e9tails bient\u00f4t.<\/p>\n\n\n\n<p>&#8211; 75 ans Laverda \u00e0 Breganze\u00a0 les 05, 06 et 07 Juillet.<\/p>\n\n\n\n<figure class=\"wp-block-image size-large\"><img loading=\"lazy\" decoding=\"async\" width=\"1024\" height=\"553\" src=\"https:\/\/www.laverda-lcf.fr\/wp-content\/uploads\/2023\/10\/Screenshot_20231007_184831_Facebook-1024x553.jpg\" alt=\"\" class=\"wp-image-1345\" srcset=\"https:\/\/www.laverda-lcf.fr\/wp-content\/uploads\/2023\/10\/Screenshot_20231007_184831_Facebook-1024x553.jpg 1024w, https:\/\/www.laverda-lcf.fr\/wp-content\/uploads\/2023\/10\/Screenshot_20231007_184831_Facebook-300x162.jpg 300w, https:\/\/www.laverda-lcf.fr\/wp-content\/uploads\/2023\/10\/Screenshot_20231007_184831_Facebook-768x415.jpg 768w, https:\/\/www.laverda-lcf.fr\/wp-content\/uploads\/2023\/10\/Screenshot_20231007_184831_Facebook.jpg 1080w\" sizes=\"auto, (max-width: 1024px) 100vw, 1024px\" \/><\/figure>\n\n\n\n<p><\/p>\n\n\n\n<p>&#8211; Trof\u00e9o Rosso&nbsp; les 19, 20 et21 Juillet. Stage de pilotage le Vendredi.<\/p>\n\n\n\n<p>&#8211; 75 ans Laverda au sud de l&rsquo;Angleterre organis\u00e9 par l&rsquo;ILOC le 04 Aout.<\/p>\n\n\n\n<p>Cette liste n&rsquo;est pas exhaustive, il y a d&rsquo;autres manifestations a venir.<\/p>\n\n\n\n<p>R\u00e9visez bien vos motocyclettes pour 2024.<\/p>\n\n\n\n<p>A bient\u00f4t.<\/p>\n","protected":false},"excerpt":{"rendered":"<p>Bonjour Petite info JLO Tech sera ferm\u00e9 pour vacances du 27:10 au 16:11:2023 Contacter Jean Louis avant pour les commandes urgentes. Voici qu&rsquo;elle que dates importantes pour l&rsquo;ann\u00e9e 2024 2024 s&rsquo;annonce charg\u00e9e. &#8211; AG du LCF les 03 et 04 F\u00e9vrier, le formulaire d&rsquo;inscription vous sera envoy\u00e9 prochainement. &#8211; Salon de Lyon du 07 au &hellip; <a href=\"https:\/\/www.laverda-lcf.fr\/index.php\/2023\/10\/09\/qdn05-23\/\" class=\"more-link\">Continuer la lecture de <span class=\"screen-reader-text\">QDN05\/23<\/span> <span class=\"meta-nav\">&rarr;<\/span><\/a><\/p>\n","protected":false},"author":4,"featured_media":0,"comment_status":"closed","ping_status":"","sticky":false,"template":"","format":"standard","meta":{"footnotes":""},"categories":[24],"tags":[],"class_list":["post-1344","post","type-post","status-publish","format-standard","hentry","category-qdn"],"_links":{"self":[{"href":"https:\/\/www.laverda-lcf.fr\/index.php\/wp-json\/wp\/v2\/posts\/1344","targetHints":{"allow":["GET"]}}],"collection":[{"href":"https:\/\/www.laverda-lcf.fr\/index.php\/wp-json\/wp\/v2\/posts"}],"about":[{"href":"https:\/\/www.laverda-lcf.fr\/index.php\/wp-json\/wp\/v2\/types\/post"}],"author":[{"embeddable":true,"href":"https:\/\/www.laverda-lcf.fr\/index.php\/wp-json\/wp\/v2\/users\/4"}],"replies":[{"embeddable":true,"href":"https:\/\/www.laverda-lcf.fr\/index.php\/wp-json\/wp\/v2\/comments?post=1344"}],"version-history":[{"count":1,"href":"https:\/\/www.laverda-lcf.fr\/index.php\/wp-json\/wp\/v2\/posts\/1344\/revisions"}],"predecessor-version":[{"id":1346,"href":"https:\/\/www.laverda-lcf.fr\/index.php\/wp-json\/wp\/v2\/posts\/1344\/revisions\/1346"}],"wp:attachment":[{"href":"https:\/\/www.laverda-lcf.fr\/index.php\/wp-json\/wp\/v2\/media?parent=1344"}],"wp:term":[{"taxonomy":"category","embeddable":true,"href":"https:\/\/www.laverda-lcf.fr\/index.php\/wp-json\/wp\/v2\/categories?post=1344"},{"taxonomy":"post_tag","embeddable":true,"href":"https:\/\/www.laverda-lcf.fr\/index.php\/wp-json\/wp\/v2\/tags?post=1344"}],"curies":[{"name":"wp","href":"https:\/\/api.w.org\/{rel}","templated":true}]}}