{"id":1320,"date":"2023-05-31T21:34:58","date_gmt":"2023-05-31T19:34:58","guid":{"rendered":"https:\/\/www.laverda-lcf.fr\/?p=1320"},"modified":"2023-05-31T21:34:58","modified_gmt":"2023-05-31T19:34:58","slug":"visite-chez-3c-moto","status":"publish","type":"post","link":"https:\/\/www.laverda-lcf.fr\/index.php\/2023\/05\/31\/visite-chez-3c-moto\/","title":{"rendered":"Visite chez 3C MOTO"},"content":{"rendered":"\n<p class=\"has-medium-font-size\">A 5 mn de Breganze en direction de Marostica, dans une petite rue, se trouve <strong><a href=\"https:\/\/www.laverda-lcf.fr\/wp-content\/uploads\/2023\/05\/3C-moto.jpg\" target=\"_blank\" rel=\"noreferrer noopener\">3CMoto<\/a><\/strong>. Ne pas s&rsquo;attendre \u00e0 un show room car ici tout est dans la convivialit\u00e9.<\/p>\n\n\n\n<p class=\"has-medium-font-size\">L&rsquo;entreprise est g\u00e9r\u00e9e par Guiliano Cogo et ses 2 fils, Ivan et Raffaele, d&rsquo;o\u00f9 le nom 3C. Guiliano \u00e0 travaill\u00e9 chez Laverda, ensuite Aprilia. Quand Aprilia c&rsquo;est d\u00e9barrass\u00e9 des pi\u00e8ces Laverda, Guiliano a rachet\u00e9 le stock \u00ab\u00a0Zane\u00a0\u00bb et OCT le stock \u00ab\u00a0anciennes\u00a0\u00bb.<\/p>\n\n\n\n<p class=\"has-medium-font-size\">Ce stock est impressionnant, quasiment toutes les pi\u00e8ces sont disponibles pour les Zane. Pour en avoir fait l&rsquo;exp\u00e9rience, les exp\u00e9ditions sont relativement rapides et \u00e0 prix correct.<\/p>\n\n\n\n<p class=\"has-medium-font-size\">3CMoto, ce n&rsquo;est pas que des pi\u00e8ces mais aussi du technique. Plusieurs Zane en r\u00e9vision ainsi que 2 belles 750 SF en restauration.<\/p>\n\n\n\n<p class=\"has-medium-font-size\">Si vous passez dans la r\u00e9gion, n&rsquo;h\u00e9sitez pas.<\/p>\n\n\n\n<p class=\"has-medium-font-size\">Merci \u00e0 Guiliano pour ce super accueil, les conseils techniques, la bi\u00e8re et les g\u00e2teaux.<\/p>\n\n\n\n<p class=\"has-medium-font-size\">Denis.<\/p>\n\n\n\n<figure class=\"wp-block-gallery has-nested-images columns-default is-cropped wp-block-gallery-1 is-layout-flex wp-block-gallery-is-layout-flex\">\n<figure class=\"wp-block-image size-large\"><img loading=\"lazy\" decoding=\"async\" width=\"800\" height=\"600\" data-id=\"1325\" src=\"https:\/\/www.laverda-lcf.fr\/wp-content\/uploads\/2023\/05\/20230518_170507.jpg\" alt=\"\" class=\"wp-image-1325\" srcset=\"https:\/\/www.laverda-lcf.fr\/wp-content\/uploads\/2023\/05\/20230518_170507.jpg 800w, https:\/\/www.laverda-lcf.fr\/wp-content\/uploads\/2023\/05\/20230518_170507-300x225.jpg 300w, https:\/\/www.laverda-lcf.fr\/wp-content\/uploads\/2023\/05\/20230518_170507-768x576.jpg 768w\" sizes=\"auto, (max-width: 800px) 100vw, 800px\" \/><figcaption class=\"wp-element-caption\">Stock impressionnant<\/figcaption><\/figure>\n\n\n\n<figure class=\"wp-block-image size-large\"><img loading=\"lazy\" decoding=\"async\" width=\"800\" height=\"600\" data-id=\"1324\" src=\"https:\/\/www.laverda-lcf.fr\/wp-content\/uploads\/2023\/05\/20230518_170456.jpg\" alt=\"\" class=\"wp-image-1324\" srcset=\"https:\/\/www.laverda-lcf.fr\/wp-content\/uploads\/2023\/05\/20230518_170456.jpg 800w, https:\/\/www.laverda-lcf.fr\/wp-content\/uploads\/2023\/05\/20230518_170456-300x225.jpg 300w, https:\/\/www.laverda-lcf.fr\/wp-content\/uploads\/2023\/05\/20230518_170456-768x576.jpg 768w\" sizes=\"auto, (max-width: 800px) 100vw, 800px\" \/><figcaption class=\"wp-element-caption\">de quoi tenir un moment<\/figcaption><\/figure>\n\n\n\n<figure class=\"wp-block-image size-large\"><img loading=\"lazy\" decoding=\"async\" width=\"768\" height=\"1024\" data-id=\"1323\" src=\"https:\/\/www.laverda-lcf.fr\/wp-content\/uploads\/2023\/05\/20230518_170423-768x1024.jpg\" alt=\"\" class=\"wp-image-1323\" srcset=\"https:\/\/www.laverda-lcf.fr\/wp-content\/uploads\/2023\/05\/20230518_170423-768x1023.jpg 768w, https:\/\/www.laverda-lcf.fr\/wp-content\/uploads\/2023\/05\/20230518_170423-225x300.jpg 225w, https:\/\/www.laverda-lcf.fr\/wp-content\/uploads\/2023\/05\/20230518_170423.jpg 800w\" sizes=\"auto, (max-width: 768px) 100vw, 768px\" \/><figcaption class=\"wp-element-caption\">Avec le Boss Guliano<\/figcaption><\/figure>\n\n\n\n<figure class=\"wp-block-image size-large\"><img loading=\"lazy\" decoding=\"async\" width=\"600\" height=\"800\" data-id=\"1322\" src=\"https:\/\/www.laverda-lcf.fr\/wp-content\/uploads\/2023\/05\/20230518_162732.jpg\" alt=\"\" class=\"wp-image-1322\" srcset=\"https:\/\/www.laverda-lcf.fr\/wp-content\/uploads\/2023\/05\/20230518_162732.jpg 600w, https:\/\/www.laverda-lcf.fr\/wp-content\/uploads\/2023\/05\/20230518_162732-225x300.jpg 225w\" sizes=\"auto, (max-width: 600px) 100vw, 600px\" \/><figcaption class=\"wp-element-caption\">Avec Fernando de passage ce jour l\u00e0<\/figcaption><\/figure>\n<\/figure>\n","protected":false},"excerpt":{"rendered":"<p>A 5 mn de Breganze en direction de Marostica, dans une petite rue, se trouve 3CMoto. Ne pas s&rsquo;attendre \u00e0 un show room car ici tout est dans la convivialit\u00e9. L&rsquo;entreprise est g\u00e9r\u00e9e par Guiliano Cogo et ses 2 fils, Ivan et Raffaele, d&rsquo;o\u00f9 le nom 3C. Guiliano \u00e0 travaill\u00e9 chez Laverda, ensuite Aprilia. Quand &hellip; <a href=\"https:\/\/www.laverda-lcf.fr\/index.php\/2023\/05\/31\/visite-chez-3c-moto\/\" class=\"more-link\">Continuer la lecture de <span class=\"screen-reader-text\">Visite chez 3C MOTO<\/span> <span class=\"meta-nav\">&rarr;<\/span><\/a><\/p>\n","protected":false},"author":3,"featured_media":0,"comment_status":"closed","ping_status":"","sticky":false,"template":"","format":"standard","meta":{"footnotes":""},"categories":[6],"tags":[],"class_list":["post-1320","post","type-post","status-publish","format-standard","hentry","category-actualite"],"_links":{"self":[{"href":"https:\/\/www.laverda-lcf.fr\/index.php\/wp-json\/wp\/v2\/posts\/1320","targetHints":{"allow":["GET"]}}],"collection":[{"href":"https:\/\/www.laverda-lcf.fr\/index.php\/wp-json\/wp\/v2\/posts"}],"about":[{"href":"https:\/\/www.laverda-lcf.fr\/index.php\/wp-json\/wp\/v2\/types\/post"}],"author":[{"embeddable":true,"href":"https:\/\/www.laverda-lcf.fr\/index.php\/wp-json\/wp\/v2\/users\/3"}],"replies":[{"embeddable":true,"href":"https:\/\/www.laverda-lcf.fr\/index.php\/wp-json\/wp\/v2\/comments?post=1320"}],"version-history":[{"count":4,"href":"https:\/\/www.laverda-lcf.fr\/index.php\/wp-json\/wp\/v2\/posts\/1320\/revisions"}],"predecessor-version":[{"id":1329,"href":"https:\/\/www.laverda-lcf.fr\/index.php\/wp-json\/wp\/v2\/posts\/1320\/revisions\/1329"}],"wp:attachment":[{"href":"https:\/\/www.laverda-lcf.fr\/index.php\/wp-json\/wp\/v2\/media?parent=1320"}],"wp:term":[{"taxonomy":"category","embeddable":true,"href":"https:\/\/www.laverda-lcf.fr\/index.php\/wp-json\/wp\/v2\/categories?post=1320"},{"taxonomy":"post_tag","embeddable":true,"href":"https:\/\/www.laverda-lcf.fr\/index.php\/wp-json\/wp\/v2\/tags?post=1320"}],"curies":[{"name":"wp","href":"https:\/\/api.w.org\/{rel}","templated":true}]}}