{"id":1174,"date":"2022-11-15T14:58:56","date_gmt":"2022-11-15T13:58:56","guid":{"rendered":"https:\/\/www.laverda-lcf.fr\/?p=1174"},"modified":"2022-11-21T13:58:01","modified_gmt":"2022-11-21T12:58:01","slug":"qdn-n7","status":"publish","type":"post","link":"https:\/\/www.laverda-lcf.fr\/index.php\/2022\/11\/15\/qdn-n7\/","title":{"rendered":"QDN N\u00b07"},"content":{"rendered":"\n<p>Notez d\u2019ores et d\u00e9j\u00e0 sur votre agenda 2023 les dates de\u2026<\/p>\n\n\n\n<p>.. l\u2019assembl\u00e9e g\u00e9n\u00e9rale du LCF qui aura lieu les\u00a0<strong>18 et 19 mars 2023<\/strong>\u00a0au centre de vacances \u00ab\u00a0les Simonots\u00a0\u00bb \u00e0 Saxi Bourdon dans la Ni\u00e8vre (58330). Les bulletins d\u2019inscription seront prochainement mis en ligne.<\/p>\n\n\n\n<p>\u2026 et du rassemblement annuel du club qui se d\u00e9roulera du&nbsp;<strong>23 au 25 juin 2023<\/strong>&nbsp;\u00e0 Cl\u00e9cy en \u00ab&nbsp;Suisse Normande&nbsp;\u00bb sur les bords de l\u2019Orne \u00e0 environ 30 km au sud de Caen.<\/p>\n","protected":false},"excerpt":{"rendered":"<p>Notez d\u2019ores et d\u00e9j\u00e0 sur votre agenda 2023 les dates de\u2026 .. l\u2019assembl\u00e9e g\u00e9n\u00e9rale du LCF qui aura lieu les\u00a018 et 19 mars 2023\u00a0au centre de vacances \u00ab\u00a0les Simonots\u00a0\u00bb \u00e0 Saxi Bourdon dans la Ni\u00e8vre (58330). Les bulletins d\u2019inscription seront prochainement mis en ligne. \u2026 et du rassemblement annuel du club qui se d\u00e9roulera du&nbsp;23 &hellip; <a href=\"https:\/\/www.laverda-lcf.fr\/index.php\/2022\/11\/15\/qdn-n7\/\" class=\"more-link\">Continuer la lecture de <span class=\"screen-reader-text\">QDN N\u00b07<\/span> <span class=\"meta-nav\">&rarr;<\/span><\/a><\/p>\n","protected":false},"author":4,"featured_media":0,"comment_status":"closed","ping_status":"","sticky":false,"template":"","format":"standard","meta":{"footnotes":""},"categories":[24],"tags":[],"class_list":["post-1174","post","type-post","status-publish","format-standard","hentry","category-qdn"],"_links":{"self":[{"href":"https:\/\/www.laverda-lcf.fr\/index.php\/wp-json\/wp\/v2\/posts\/1174","targetHints":{"allow":["GET"]}}],"collection":[{"href":"https:\/\/www.laverda-lcf.fr\/index.php\/wp-json\/wp\/v2\/posts"}],"about":[{"href":"https:\/\/www.laverda-lcf.fr\/index.php\/wp-json\/wp\/v2\/types\/post"}],"author":[{"embeddable":true,"href":"https:\/\/www.laverda-lcf.fr\/index.php\/wp-json\/wp\/v2\/users\/4"}],"replies":[{"embeddable":true,"href":"https:\/\/www.laverda-lcf.fr\/index.php\/wp-json\/wp\/v2\/comments?post=1174"}],"version-history":[{"count":2,"href":"https:\/\/www.laverda-lcf.fr\/index.php\/wp-json\/wp\/v2\/posts\/1174\/revisions"}],"predecessor-version":[{"id":1177,"href":"https:\/\/www.laverda-lcf.fr\/index.php\/wp-json\/wp\/v2\/posts\/1174\/revisions\/1177"}],"wp:attachment":[{"href":"https:\/\/www.laverda-lcf.fr\/index.php\/wp-json\/wp\/v2\/media?parent=1174"}],"wp:term":[{"taxonomy":"category","embeddable":true,"href":"https:\/\/www.laverda-lcf.fr\/index.php\/wp-json\/wp\/v2\/categories?post=1174"},{"taxonomy":"post_tag","embeddable":true,"href":"https:\/\/www.laverda-lcf.fr\/index.php\/wp-json\/wp\/v2\/tags?post=1174"}],"curies":[{"name":"wp","href":"https:\/\/api.w.org\/{rel}","templated":true}]}}