{"id":1165,"date":"2024-12-02T10:16:21","date_gmt":"2024-12-02T09:16:21","guid":{"rendered":"https:\/\/www.laverda-lcf.fr\/?p=1165"},"modified":"2024-12-02T10:46:58","modified_gmt":"2024-12-02T09:46:58","slug":"sur-votre-agenda-2023","status":"publish","type":"post","link":"https:\/\/www.laverda-lcf.fr\/index.php\/2024\/12\/02\/sur-votre-agenda-2023\/","title":{"rendered":"Sur votre agenda 2025"},"content":{"rendered":"\n<p class=\"has-medium-font-size\">Notez d&rsquo;ores et d\u00e9j\u00e0 sur votre agenda 2025 les dates de&#8230;<\/p>\n\n\n\n<p class=\"has-medium-font-size\">.. l&rsquo;assembl\u00e9e g\u00e9n\u00e9rale du LCF qui aura lieu les <strong>22 et 23 f\u00e9vrier 2025<\/strong> au centre de vacances \u00ab\u00a0les Simonots\u00a0\u00bb \u00e0 Saxi Bourdon dans la Ni\u00e8vre (58330). Seuls les membres \u00e0 jours de cotisation peuvent participer \u00e0 l&rsquo;ag.<\/p>\n\n\n\n<div class=\"wp-block-file\"><a id=\"wp-block-file--media-b3dcb089-1291-47d1-a8c6-0ea1dac7c517\" href=\"https:\/\/www.laverda-lcf.fr\/wp-content\/uploads\/2024\/12\/convocation-ag-2025-LCF.odt\">convocation ag 2025 LCF<\/a><a href=\"https:\/\/www.laverda-lcf.fr\/wp-content\/uploads\/2024\/12\/convocation-ag-2025-LCF.odt\" class=\"wp-block-file__button wp-element-button\" download aria-describedby=\"wp-block-file--media-b3dcb089-1291-47d1-a8c6-0ea1dac7c517\">T\u00e9l\u00e9charger<\/a><\/div>\n\n\n\n<p class=\"has-medium-font-size\">A noter sur vos agendas les dates du <strong>13 au 15 Juin 2025 <\/strong>pour notre rassemblement annuel dans le 79. Vous aurez de plus amples informations suite \u00e0 l&rsquo;assembl\u00e9e g\u00e9n\u00e9rale.<\/p>\n\n\n\n<p class=\"has-medium-font-size\">Nous serons aussi pr\u00e9sent au <strong>salon R\u00e9tro Passion de Rennes <\/strong>(35000) les 05 et 06 Avril 2025. Nous cherchons des volontaires pour aider a tenir le stand ou exposer sa moto.<\/p>\n\n\n\n<p class=\"has-medium-font-size\">Pensez aussi, si n&rsquo;est pas d\u00e9j\u00e0 fait, \u00e0 vous r\u00e9inscrire au club pour la saison 2025.<\/p>\n\n\n\n<div class=\"wp-block-file\"><a id=\"wp-block-file--media-bc6357dd-de0f-47d7-a241-6379f373183e\" href=\"https:\/\/www.laverda-lcf.fr\/wp-content\/uploads\/2024\/12\/adhesion-2025-LCF.doc\">adhesion 2025 LCF<\/a><a href=\"https:\/\/www.laverda-lcf.fr\/wp-content\/uploads\/2024\/12\/adhesion-2025-LCF.doc\" class=\"wp-block-file__button wp-element-button\" download aria-describedby=\"wp-block-file--media-bc6357dd-de0f-47d7-a241-6379f373183e\">T\u00e9l\u00e9charger<\/a><\/div>\n","protected":false},"excerpt":{"rendered":"<p>Notez d&rsquo;ores et d\u00e9j\u00e0 sur votre agenda 2025 les dates de&#8230; .. l&rsquo;assembl\u00e9e g\u00e9n\u00e9rale du LCF qui aura lieu les 22 et 23 f\u00e9vrier 2025 au centre de vacances \u00ab\u00a0les Simonots\u00a0\u00bb \u00e0 Saxi Bourdon dans la Ni\u00e8vre (58330). Seuls les membres \u00e0 jours de cotisation peuvent participer \u00e0 l&rsquo;ag. A noter sur vos agendas les &hellip; <a href=\"https:\/\/www.laverda-lcf.fr\/index.php\/2024\/12\/02\/sur-votre-agenda-2023\/\" class=\"more-link\">Continuer la lecture de <span class=\"screen-reader-text\">Sur votre agenda 2025<\/span> <span class=\"meta-nav\">&rarr;<\/span><\/a><\/p>\n","protected":false},"author":2,"featured_media":0,"comment_status":"closed","ping_status":"","sticky":true,"template":"","format":"standard","meta":{"footnotes":""},"categories":[6,23],"tags":[],"class_list":["post-1165","post","type-post","status-publish","format-standard","hentry","category-actualite","category-souvenirs"],"_links":{"self":[{"href":"https:\/\/www.laverda-lcf.fr\/index.php\/wp-json\/wp\/v2\/posts\/1165","targetHints":{"allow":["GET"]}}],"collection":[{"href":"https:\/\/www.laverda-lcf.fr\/index.php\/wp-json\/wp\/v2\/posts"}],"about":[{"href":"https:\/\/www.laverda-lcf.fr\/index.php\/wp-json\/wp\/v2\/types\/post"}],"author":[{"embeddable":true,"href":"https:\/\/www.laverda-lcf.fr\/index.php\/wp-json\/wp\/v2\/users\/2"}],"replies":[{"embeddable":true,"href":"https:\/\/www.laverda-lcf.fr\/index.php\/wp-json\/wp\/v2\/comments?post=1165"}],"version-history":[{"count":20,"href":"https:\/\/www.laverda-lcf.fr\/index.php\/wp-json\/wp\/v2\/posts\/1165\/revisions"}],"predecessor-version":[{"id":1556,"href":"https:\/\/www.laverda-lcf.fr\/index.php\/wp-json\/wp\/v2\/posts\/1165\/revisions\/1556"}],"wp:attachment":[{"href":"https:\/\/www.laverda-lcf.fr\/index.php\/wp-json\/wp\/v2\/media?parent=1165"}],"wp:term":[{"taxonomy":"category","embeddable":true,"href":"https:\/\/www.laverda-lcf.fr\/index.php\/wp-json\/wp\/v2\/categories?post=1165"},{"taxonomy":"post_tag","embeddable":true,"href":"https:\/\/www.laverda-lcf.fr\/index.php\/wp-json\/wp\/v2\/tags?post=1165"}],"curies":[{"name":"wp","href":"https:\/\/api.w.org\/{rel}","templated":true}]}}