{"id":1019,"date":"2022-01-19T19:36:00","date_gmt":"2022-01-19T18:36:00","guid":{"rendered":"https:\/\/www.laverda-lcf.fr\/?p=1019"},"modified":"2022-05-30T08:54:20","modified_gmt":"2022-05-30T06:54:20","slug":"ag-2022","status":"publish","type":"post","link":"https:\/\/www.laverda-lcf.fr\/index.php\/2022\/01\/19\/ag-2022\/","title":{"rendered":"AG 2022"},"content":{"rendered":"\n<p class=\"has-medium-font-size\"><strong>L\u2019Assembl\u00e9e G\u00e9n\u00e9rale aura lieu les 12 et 13 mars 2022<\/strong> au Domaine \u00c9questre de Chevillon 21&nbsp;Les Bertins 89120 Chevillon \u2013 tel&nbsp;:03 86 73 50 20&nbsp; &nbsp;&nbsp;<\/p>\n\n\n\n<p class=\"has-medium-font-size\">Nous vous accueillerons \u00e0 partir de 15h00.<\/p>\n\n\n\n<p>Nous vous rappelons que les draps et couvertures <strong>NE SONT PAS FOURNIS AMENEZ VOTRE DUVET.&nbsp;<\/strong><\/p>\n\n\n\n<p class=\"has-medium-font-size\"><strong><u>Si vous d\u00e9sirez y participer, merci de renvoyer&nbsp;AVANT&nbsp;LE &nbsp;1er f\u00e9vrier un ch\u00e8que de 35 \u20ac \u00e0&nbsp;l\u2019ordre de LCF &nbsp; \u00e0 <a href=\"https:\/\/www.laverda-lcf.fr\/wp-content\/uploads\/2021\/12\/carte-de-visite-secretaire.jpg\" target=\"_blank\" rel=\"noreferrer noopener\">Pascale<\/a><\/u><\/strong><\/p>\n\n\n\n<p class=\"has-medium-font-size\"><strong>En cas d\u2019annulation (cause COVID) la participation&nbsp;vous sera rembours\u00e9e.&nbsp;<\/strong><\/p>\n\n\n\n<p><\/p>\n","protected":false},"excerpt":{"rendered":"<p>L\u2019Assembl\u00e9e G\u00e9n\u00e9rale aura lieu les 12 et 13 mars 2022 au Domaine \u00c9questre de Chevillon 21&nbsp;Les Bertins 89120 Chevillon \u2013 tel&nbsp;:03 86 73 50 20&nbsp; &nbsp;&nbsp; Nous vous accueillerons \u00e0 partir de 15h00. Nous vous rappelons que les draps et couvertures NE SONT PAS FOURNIS AMENEZ VOTRE DUVET.&nbsp; Si vous d\u00e9sirez y participer, merci de &hellip; <a href=\"https:\/\/www.laverda-lcf.fr\/index.php\/2022\/01\/19\/ag-2022\/\" class=\"more-link\">Continuer la lecture de <span class=\"screen-reader-text\">AG 2022<\/span> <span class=\"meta-nav\">&rarr;<\/span><\/a><\/p>\n","protected":false},"author":2,"featured_media":0,"comment_status":"closed","ping_status":"","sticky":true,"template":"","format":"standard","meta":{"footnotes":""},"categories":[21,23],"tags":[],"class_list":["post-1019","post","type-post","status-publish","format-standard","hentry","category-evenements","category-souvenirs"],"_links":{"self":[{"href":"https:\/\/www.laverda-lcf.fr\/index.php\/wp-json\/wp\/v2\/posts\/1019","targetHints":{"allow":["GET"]}}],"collection":[{"href":"https:\/\/www.laverda-lcf.fr\/index.php\/wp-json\/wp\/v2\/posts"}],"about":[{"href":"https:\/\/www.laverda-lcf.fr\/index.php\/wp-json\/wp\/v2\/types\/post"}],"author":[{"embeddable":true,"href":"https:\/\/www.laverda-lcf.fr\/index.php\/wp-json\/wp\/v2\/users\/2"}],"replies":[{"embeddable":true,"href":"https:\/\/www.laverda-lcf.fr\/index.php\/wp-json\/wp\/v2\/comments?post=1019"}],"version-history":[{"count":5,"href":"https:\/\/www.laverda-lcf.fr\/index.php\/wp-json\/wp\/v2\/posts\/1019\/revisions"}],"predecessor-version":[{"id":1032,"href":"https:\/\/www.laverda-lcf.fr\/index.php\/wp-json\/wp\/v2\/posts\/1019\/revisions\/1032"}],"wp:attachment":[{"href":"https:\/\/www.laverda-lcf.fr\/index.php\/wp-json\/wp\/v2\/media?parent=1019"}],"wp:term":[{"taxonomy":"category","embeddable":true,"href":"https:\/\/www.laverda-lcf.fr\/index.php\/wp-json\/wp\/v2\/categories?post=1019"},{"taxonomy":"post_tag","embeddable":true,"href":"https:\/\/www.laverda-lcf.fr\/index.php\/wp-json\/wp\/v2\/tags?post=1019"}],"curies":[{"name":"wp","href":"https:\/\/api.w.org\/{rel}","templated":true}]}}